{"id":784,"date":"2014-07-25T11:14:00","date_gmt":"2014-07-25T14:14:00","guid":{"rendered":"https:\/\/www.ufsm.br\/pro-reitorias\/proplan\/2014\/07\/25\/capacitacao-gespublica\/"},"modified":"2014-07-25T11:14:00","modified_gmt":"2014-07-25T14:14:00","slug":"capacitacao-gespublica","status":"publish","type":"post","link":"https:\/\/www.ufsm.br\/pro-reitorias\/proplan\/2014\/07\/25\/capacitacao-gespublica","title":{"rendered":"Capacita\u00e7\u00e3o Gesp\u00fablica"},"content":{"rendered":"\n<p>&nbsp;<\/p>\n<p>O GESP\u00daBLICA \u00e9 uma iniciativa da&nbsp;Secretaria de Gest\u00e3o P\u00fablica \u2013 SEGEP, do Minist\u00e9rio do Planejamento, Or\u00e7amento e Gest\u00e3o, revitalizada em 2014, tendo como finalidade o de fortalecer a gest\u00e3o p\u00fablica.<\/p>\n<p>Este programa se baseia no Modelo de Excel\u00eancia em Gest\u00e3o P\u00fablica &#8211; MEGP&nbsp;<\/p>\n<p>O Programa GESP\u00daBLICA vem a ser um poderoso instrumento de cidadania, pois renova seu compromisso de engajamento e valoriza\u00e7\u00e3o das pessoas por meio de estrat\u00e9gias de mobiliza\u00e7\u00e3o da Administra\u00e7\u00e3o P\u00fablica, contribuindo para a melhoria da qualidade dos servi\u00e7os p\u00fablicos prestados aos cidad\u00e3os e para o aumento da competitividade do Pa\u00eds.<\/p>\n<p>Maiores informa\u00e7\u00f5es, <a href=\"http:\/\/www.gespublica.gov.br\/folder_rngp\" target=\"_blank\">clique aqui<\/a>.<\/p>\n<p>&nbsp;<\/p>\n<div>{djmedia 6}<\/div>\n","protected":false},"excerpt":{"rendered":"<p>Entre os dias 22 a 23 de julho de 2014, servidores da PROPLAN, PRA e Gabinete do Reitor participaram do Curso Modelo de Excel\u00eancia em Gest\u00e3o P\u00fablica- Gesp\u00fablica, ministrado pelo professor do Departamento de Engenharia de Produ\u00e7\u00e3o, prof. Dr. Alberto Schimidt.<\/p>\n","protected":false},"author":8,"featured_media":0,"comment_status":"closed","ping_status":"closed","sticky":false,"template":"","format":"standard","meta":{"footnotes":""},"categories":[1],"tags":[],"class_list":["post-784","post","type-post","status-publish","format-standard","hentry","category-sem-categoria"],"acf":[],"_links":{"self":[{"href":"https:\/\/www.ufsm.br\/pro-reitorias\/proplan\/wp-json\/wp\/v2\/posts\/784","targetHints":{"allow":["GET"]}}],"collection":[{"href":"https:\/\/www.ufsm.br\/pro-reitorias\/proplan\/wp-json\/wp\/v2\/posts"}],"about":[{"href":"https:\/\/www.ufsm.br\/pro-reitorias\/proplan\/wp-json\/wp\/v2\/types\/post"}],"author":[{"embeddable":true,"href":"https:\/\/www.ufsm.br\/pro-reitorias\/proplan\/wp-json\/wp\/v2\/users\/8"}],"replies":[{"embeddable":true,"href":"https:\/\/www.ufsm.br\/pro-reitorias\/proplan\/wp-json\/wp\/v2\/comments?post=784"}],"version-history":[{"count":0,"href":"https:\/\/www.ufsm.br\/pro-reitorias\/proplan\/wp-json\/wp\/v2\/posts\/784\/revisions"}],"wp:attachment":[{"href":"https:\/\/www.ufsm.br\/pro-reitorias\/proplan\/wp-json\/wp\/v2\/media?parent=784"}],"wp:term":[{"taxonomy":"category","embeddable":true,"href":"https:\/\/www.ufsm.br\/pro-reitorias\/proplan\/wp-json\/wp\/v2\/categories?post=784"},{"taxonomy":"post_tag","embeddable":true,"href":"https:\/\/www.ufsm.br\/pro-reitorias\/proplan\/wp-json\/wp\/v2\/tags?post=784"}],"curies":[{"name":"wp","href":"https:\/\/api.w.org\/{rel}","templated":true}]}}