{"id":792,"date":"2014-10-24T18:20:48","date_gmt":"2014-10-24T20:20:48","guid":{"rendered":"https:\/\/www.ufsm.br\/pro-reitorias\/proplan\/2014\/10\/24\/ufsm-na-busca-da-modernizacao-atraves-do-gespublica\/"},"modified":"2014-10-24T18:20:48","modified_gmt":"2014-10-24T20:20:48","slug":"ufsm-na-busca-da-modernizacao-atraves-do-gespublica","status":"publish","type":"post","link":"https:\/\/www.ufsm.br\/pro-reitorias\/proplan\/2014\/10\/24\/ufsm-na-busca-da-modernizacao-atraves-do-gespublica","title":{"rendered":"UFSM na busca da moderniza\u00e7\u00e3o atrav\u00e9s do GESP\u00daBLICA"},"content":{"rendered":"\n<p><span style=\"font-size: 10pt; line-height: 115%; font-family: Arial, sans-serif; background-image: initial; background-attachment: initial; background-position: initial; background-repeat: initial;\">A PROPLAN promoveu o <a href=\"index.php?option=com_content&amp;view=article&amp;id=41:capacitacao-gespublica&amp;catid=23:noticias&amp;Itemid=133\" target=\"_blank\">Curso sobre o Modelo de Excel\u00eancia em Gest\u00e3o P\u00fablica<\/a>, nos dias 22 e 23 de julho deste ano, conduzido pelo Prof. Alberto Schmidt e contou com a participa\u00e7\u00e3o de servidores da PROPLAN e PRA que tiveram a oportunidade de nivelar conhecimentos sobre as estrat\u00e9gias e linhas de atua\u00e7\u00e3o do programa GESP\u00daBLICA.<\/span><\/p>\n<p><span style=\"font-size: 10pt; line-height: 115%; font-family: Arial, sans-serif; background-image: initial; background-attachment: initial; background-position: initial; background-repeat: initial;\">A implanta\u00e7\u00e3o de um modelo referencial de gest\u00e3o p\u00fablica vem ao encontro das solu\u00e7\u00f5es para promover uma Gest\u00e3o Institucional estrat\u00e9gica, moderna, efetiva, transparente, inovadora e sustent\u00e1vel, foco que a PROPLAN est\u00e1 buscando sem sua gest\u00e3o. Neste sentido, no dia 22 de outubro a UFSM formalizou o Termo de Compromisso de Organiza\u00e7\u00e3o Adesa ao GESP\u00daBLICA, junto ao N\u00facleo Estadual do Gesp\u00fablica RS.<\/span><\/p>\n<p><span style=\"font-size: 10pt; line-height: 115%; font-family: Arial, sans-serif; background-image: initial; background-attachment: initial; background-position: initial; background-repeat: initial;\">O Programa GESP\u00daBLICA vem a ser um poderoso instrumento de cidadania, pois renova seu compromisso de engajamento e valoriza\u00e7\u00e3o das pessoas por meio de estrat\u00e9gias de mobiliza\u00e7\u00e3o da Administra\u00e7\u00e3o P\u00fablica, contribuindo para a melhoria da qualidade dos servi\u00e7os p\u00fablicos prestados aos cidad\u00e3os e para o aumento da competitividade do Pa\u00eds.<\/span><\/p>\n<p><span style=\"font-size: 10pt; line-height: 115%; font-family: Arial, sans-serif; background-image: initial; background-attachment: initial; background-position: initial; background-repeat: initial;\">Dentre as medidas destaca-se a Autoavalia\u00e7\u00e3o da Gest\u00e3o, que possibilita uma avalia\u00e7\u00e3o da gest\u00e3o, por meio da identifica\u00e7\u00e3o e an\u00e1lise das pr\u00e1ticas de gest\u00e3o adotadas e dos resultados da organiza\u00e7\u00e3o. A avalia\u00e7\u00e3o dos resultados permite um r\u00e1pido diagn\u00f3stico, bem como a implanta\u00e7\u00e3o de melhorias na governan\u00e7a que venham a promover o alcance dos melhores resultados institucionais.<\/span><\/p>\n<p><span class=\"apple-converted-space\"><span style=\"font-size: 10pt; line-height: 115%; font-family: Arial, sans-serif; background-image: initial; background-attachment: initial; background-position: initial; background-repeat: initial;\">A PROPLAN convida os servidores da UFSM a participarem do 2\u00ba Semin\u00e1rio de Boas Pr\u00e1ticas de Gest\u00e3o, promovido pelo N\u00facleo do Gesp\u00fablica RS, no dia 19 de novembro. As inscri\u00e7\u00f5es s\u00e3o gratuitas. Esta \u00e9 uma excelente oportunidade para conhecer pr\u00e1ticas e <\/span><\/span><span style=\"font-size: 10pt; line-height: 115%; font-family: Arial, sans-serif; background-image: initial; background-attachment: initial; background-position: initial; background-repeat: initial;\">resultados positivos, com a\u00e7\u00f5es e controles ajustados \u00e0 realidade social, bem como motivar-se para a atua\u00e7\u00e3o em prol da inova\u00e7\u00e3o e da melhoria da gest\u00e3o.<\/span><\/p>\n<p>&nbsp;<\/p>\n<p><img fetchpriority=\"high\" decoding=\"async\" style=\"display: block; margin-left: auto; margin-right: auto;\" src=\"http:\/\/1.bp.blogspot.com\/-ghTa5mbVBQ4\/VEQ2uoeSCHI\/AAAAAAAAAsM\/F2qt5lbet4s\/s1600\/Conviteum.jpg\" alt=\"\" width=\"604\" height=\"453\" \/><\/p>\n","protected":false},"excerpt":{"rendered":"<p><span style=\"font-size: 10pt; line-height: 115%; font-family: Arial, sans-serif; background-image: initial; background-attachment: initial; background-position: initial; background-repeat: initial;\">Na busca de modelos de gest\u00e3o que contemplem, de forma mais eficaz e efetiva, as novas e crescentes demandas da sociedade brasileira, a Secretaria de Gest\u00e3o P\u00fablica \u2013 SEGEP, do Minist\u00e9rio do Planejamento, Or\u00e7amento e Gest\u00e3o, revitalizou em 2014, o Programa Nacional de Gest\u00e3o P\u00fablica e Desburocratiza\u00e7\u00e3o \u2013 GESP\u00daBLICA.<\/span><\/p>\n","protected":false},"author":8,"featured_media":0,"comment_status":"closed","ping_status":"closed","sticky":false,"template":"","format":"standard","meta":{"footnotes":""},"categories":[1],"tags":[],"class_list":["post-792","post","type-post","status-publish","format-standard","hentry","category-sem-categoria"],"acf":[],"_links":{"self":[{"href":"https:\/\/www.ufsm.br\/pro-reitorias\/proplan\/wp-json\/wp\/v2\/posts\/792","targetHints":{"allow":["GET"]}}],"collection":[{"href":"https:\/\/www.ufsm.br\/pro-reitorias\/proplan\/wp-json\/wp\/v2\/posts"}],"about":[{"href":"https:\/\/www.ufsm.br\/pro-reitorias\/proplan\/wp-json\/wp\/v2\/types\/post"}],"author":[{"embeddable":true,"href":"https:\/\/www.ufsm.br\/pro-reitorias\/proplan\/wp-json\/wp\/v2\/users\/8"}],"replies":[{"embeddable":true,"href":"https:\/\/www.ufsm.br\/pro-reitorias\/proplan\/wp-json\/wp\/v2\/comments?post=792"}],"version-history":[{"count":0,"href":"https:\/\/www.ufsm.br\/pro-reitorias\/proplan\/wp-json\/wp\/v2\/posts\/792\/revisions"}],"wp:attachment":[{"href":"https:\/\/www.ufsm.br\/pro-reitorias\/proplan\/wp-json\/wp\/v2\/media?parent=792"}],"wp:term":[{"taxonomy":"category","embeddable":true,"href":"https:\/\/www.ufsm.br\/pro-reitorias\/proplan\/wp-json\/wp\/v2\/categories?post=792"},{"taxonomy":"post_tag","embeddable":true,"href":"https:\/\/www.ufsm.br\/pro-reitorias\/proplan\/wp-json\/wp\/v2\/tags?post=792"}],"curies":[{"name":"wp","href":"https:\/\/api.w.org\/{rel}","templated":true}]}}