{"id":976,"date":"2017-07-31T13:17:25","date_gmt":"2017-07-31T16:17:25","guid":{"rendered":"https:\/\/www.ufsm.br\/pro-reitorias\/proplan\/2017\/07\/31\/comunicado-reuniao-geral-da-proplan\/"},"modified":"2017-07-31T13:17:25","modified_gmt":"2017-07-31T16:17:25","slug":"comunicado-reuniao-geral-da-proplan","status":"publish","type":"post","link":"https:\/\/www.ufsm.br\/pro-reitorias\/proplan\/2017\/07\/31\/comunicado-reuniao-geral-da-proplan","title":{"rendered":"Comunicado &#8211; Reuni\u00e3o Geral da PROPLAN"},"content":{"rendered":"<p>Comunicamos \u00e0 comunidade universit\u00e1ria que amanh\u00e3, 01\/08\/17, das 8:30h \u00e0s 10h, todos os servidores da PROPLAN estar\u00e3o participando de uma reuni\u00e3o interna. Portanto, n\u00e3o haver\u00e1 atendimento \u00e0 comunidade nesse hor\u00e1rio.<\/p>\n<p>Agradecemos a compreens\u00e3o.<\/p>\n","protected":false},"excerpt":{"rendered":"<p>Comunicamos \u00e0 comunidade universit\u00e1ria que amanh\u00e3, 01\/08\/17, das 8:30h \u00e0s 10h, todos os servidores da PROPLAN estar\u00e3o participando de uma reuni\u00e3o interna. Portanto, n\u00e3o haver\u00e1 atendimento \u00e0 comunidade nesse hor\u00e1rio. Agradecemos a compreens\u00e3o.<\/p>\n","protected":false},"author":8,"featured_media":0,"comment_status":"closed","ping_status":"closed","sticky":false,"template":"","format":"standard","meta":{"footnotes":""},"categories":[1],"tags":[],"class_list":["post-976","post","type-post","status-publish","format-standard","hentry","category-sem-categoria"],"acf":[],"_links":{"self":[{"href":"https:\/\/www.ufsm.br\/pro-reitorias\/proplan\/wp-json\/wp\/v2\/posts\/976","targetHints":{"allow":["GET"]}}],"collection":[{"href":"https:\/\/www.ufsm.br\/pro-reitorias\/proplan\/wp-json\/wp\/v2\/posts"}],"about":[{"href":"https:\/\/www.ufsm.br\/pro-reitorias\/proplan\/wp-json\/wp\/v2\/types\/post"}],"author":[{"embeddable":true,"href":"https:\/\/www.ufsm.br\/pro-reitorias\/proplan\/wp-json\/wp\/v2\/users\/8"}],"replies":[{"embeddable":true,"href":"https:\/\/www.ufsm.br\/pro-reitorias\/proplan\/wp-json\/wp\/v2\/comments?post=976"}],"version-history":[{"count":0,"href":"https:\/\/www.ufsm.br\/pro-reitorias\/proplan\/wp-json\/wp\/v2\/posts\/976\/revisions"}],"wp:attachment":[{"href":"https:\/\/www.ufsm.br\/pro-reitorias\/proplan\/wp-json\/wp\/v2\/media?parent=976"}],"wp:term":[{"taxonomy":"category","embeddable":true,"href":"https:\/\/www.ufsm.br\/pro-reitorias\/proplan\/wp-json\/wp\/v2\/categories?post=976"},{"taxonomy":"post_tag","embeddable":true,"href":"https:\/\/www.ufsm.br\/pro-reitorias\/proplan\/wp-json\/wp\/v2\/tags?post=976"}],"curies":[{"name":"wp","href":"https:\/\/api.w.org\/{rel}","templated":true}]}}