{"id":1506,"date":"2021-09-01T14:32:30","date_gmt":"2021-09-01T17:32:30","guid":{"rendered":"https:\/\/www.ufsm.br\/pro-reitorias\/prpgp\/jai\/?p=1506"},"modified":"2021-09-01T14:32:31","modified_gmt":"2021-09-01T17:32:31","slug":"inscricoes-prorrogadas","status":"publish","type":"post","link":"https:\/\/www.ufsm.br\/pro-reitorias\/prpgp\/jai\/2021\/09\/01\/inscricoes-prorrogadas","title":{"rendered":"INSCRI\u00c7\u00d5ES PRORROGADAS"},"content":{"rendered":"\n<p>Em aten\u00e7\u00e3o aos pedidos da comunidade universit\u00e1ria, a CIC\/PRPGP informa que est\u00e3o prorrogadas as inscri\u00e7\u00f5es com trabalhos para a 36\u00aa Jornada Acad\u00eamica Integrada da UFSM.<\/p>\n\n\n\n<p>N\u00e3o est\u00e3o inclu\u00eddas nesta prorroga\u00e7\u00e3o as inscri\u00e7\u00f5es para a 5\u00aa JAI EXTERNOS.<\/p>\n\n\n\n<p>Nosso sistema receber\u00e1 inscri\u00e7\u00f5es at\u00e9 as 17:00 horas de sexta-feira, dia 03 de setembro de 2021.<\/p>\n\n\n\n<p>Caso voc\u00ea encontre dificuldades na realiza\u00e7\u00e3o de sua inscri\u00e7\u00e3o, escreva para jai@ufsm.br e relate seu problema, teremos prazer em atend\u00ea-lo(a).<\/p>\n\n\n\n<p>CIC\/PRPGP\/UFSM<\/p>\n\n\n\n<p><\/p>\n","protected":false},"excerpt":{"rendered":"<p>Em aten\u00e7\u00e3o aos pedidos da comunidade universit\u00e1ria, a CIC\/PRPGP informa que est\u00e3o prorrogadas as inscri\u00e7\u00f5es com trabalhos para a 36\u00aa Jornada Acad\u00eamica Integrada da UFSM. N\u00e3o est\u00e3o inclu\u00eddas nesta prorroga\u00e7\u00e3o as inscri\u00e7\u00f5es para a 5\u00aa JAI EXTERNOS. Nosso sistema receber\u00e1 inscri\u00e7\u00f5es at\u00e9 as 17:00 horas de sexta-feira, dia 03 de setembro de 2021. Caso voc\u00ea [&hellip;]<\/p>\n","protected":false},"author":743,"featured_media":0,"comment_status":"closed","ping_status":"closed","sticky":false,"template":"","format":"standard","meta":{"footnotes":""},"categories":[1],"tags":[38],"class_list":["post-1506","post","type-post","status-publish","format-standard","hentry","category-sem-categoria","tag-jai2021"],"acf":[],"_links":{"self":[{"href":"https:\/\/www.ufsm.br\/pro-reitorias\/prpgp\/jai\/wp-json\/wp\/v2\/posts\/1506","targetHints":{"allow":["GET"]}}],"collection":[{"href":"https:\/\/www.ufsm.br\/pro-reitorias\/prpgp\/jai\/wp-json\/wp\/v2\/posts"}],"about":[{"href":"https:\/\/www.ufsm.br\/pro-reitorias\/prpgp\/jai\/wp-json\/wp\/v2\/types\/post"}],"author":[{"embeddable":true,"href":"https:\/\/www.ufsm.br\/pro-reitorias\/prpgp\/jai\/wp-json\/wp\/v2\/users\/743"}],"replies":[{"embeddable":true,"href":"https:\/\/www.ufsm.br\/pro-reitorias\/prpgp\/jai\/wp-json\/wp\/v2\/comments?post=1506"}],"version-history":[{"count":0,"href":"https:\/\/www.ufsm.br\/pro-reitorias\/prpgp\/jai\/wp-json\/wp\/v2\/posts\/1506\/revisions"}],"wp:attachment":[{"href":"https:\/\/www.ufsm.br\/pro-reitorias\/prpgp\/jai\/wp-json\/wp\/v2\/media?parent=1506"}],"wp:term":[{"taxonomy":"category","embeddable":true,"href":"https:\/\/www.ufsm.br\/pro-reitorias\/prpgp\/jai\/wp-json\/wp\/v2\/categories?post=1506"},{"taxonomy":"post_tag","embeddable":true,"href":"https:\/\/www.ufsm.br\/pro-reitorias\/prpgp\/jai\/wp-json\/wp\/v2\/tags?post=1506"}],"curies":[{"name":"wp","href":"https:\/\/api.w.org\/{rel}","templated":true}]}}