{"id":2881,"date":"2026-08-28T10:42:12","date_gmt":"2026-08-28T13:42:12","guid":{"rendered":"https:\/\/www.ufsm.br\/pro-reitorias\/prpgp\/jai\/?p=2881"},"modified":"2026-08-28T10:42:16","modified_gmt":"2026-08-28T13:42:16","slug":"41a-jai-inscricoes-prorrogadas","status":"publish","type":"post","link":"https:\/\/www.ufsm.br\/pro-reitorias\/prpgp\/jai\/2026\/08\/28\/41a-jai-inscricoes-prorrogadas","title":{"rendered":"41\u00aa JAI &#8211; INSCRI\u00c7\u00d5ES PRORROGADAS"},"content":{"rendered":"\n<p class=\"wp-block-paragraph\">A Coordenadoria de Pesquisa da Pr\u00f3-reitoria de P\u00f3s-gradua\u00e7\u00e3o e Pesquisa informa que est\u00e3o prorrogadas as inscri\u00e7\u00f5es da 41\u00aa Jornada Acad\u00eamica Integrada da UFSM. O novo prazo para inscri\u00e7\u00f5es de trabalhos e de avaliadores volunt\u00e1rios expira \u00e0s <strong>17 horas do dia 04 de setembro de 2026.<\/strong><\/p>\n","protected":false},"excerpt":{"rendered":"<p>A Coordenadoria de Pesquisa da Pr\u00f3-reitoria de P\u00f3s-gradua\u00e7\u00e3o e Pesquisa informa que est\u00e3o prorrogadas as inscri\u00e7\u00f5es da 41\u00aa Jornada Acad\u00eamica Integrada da UFSM. O novo prazo para inscri\u00e7\u00f5es de trabalhos e de avaliadores volunt\u00e1rios expira \u00e0s 17 horas do dia 04 de setembro de 2026.<\/p>\n","protected":false},"author":743,"featured_media":0,"comment_status":"closed","ping_status":"closed","sticky":false,"template":"","format":"standard","meta":{"footnotes":""},"categories":[1],"tags":[],"class_list":["post-2881","post","type-post","status-publish","format-standard","hentry","category-sem-categoria"],"acf":[],"_links":{"self":[{"href":"https:\/\/www.ufsm.br\/pro-reitorias\/prpgp\/jai\/wp-json\/wp\/v2\/posts\/2881","targetHints":{"allow":["GET"]}}],"collection":[{"href":"https:\/\/www.ufsm.br\/pro-reitorias\/prpgp\/jai\/wp-json\/wp\/v2\/posts"}],"about":[{"href":"https:\/\/www.ufsm.br\/pro-reitorias\/prpgp\/jai\/wp-json\/wp\/v2\/types\/post"}],"author":[{"embeddable":true,"href":"https:\/\/www.ufsm.br\/pro-reitorias\/prpgp\/jai\/wp-json\/wp\/v2\/users\/743"}],"replies":[{"embeddable":true,"href":"https:\/\/www.ufsm.br\/pro-reitorias\/prpgp\/jai\/wp-json\/wp\/v2\/comments?post=2881"}],"version-history":[{"count":0,"href":"https:\/\/www.ufsm.br\/pro-reitorias\/prpgp\/jai\/wp-json\/wp\/v2\/posts\/2881\/revisions"}],"wp:attachment":[{"href":"https:\/\/www.ufsm.br\/pro-reitorias\/prpgp\/jai\/wp-json\/wp\/v2\/media?parent=2881"}],"wp:term":[{"taxonomy":"category","embeddable":true,"href":"https:\/\/www.ufsm.br\/pro-reitorias\/prpgp\/jai\/wp-json\/wp\/v2\/categories?post=2881"},{"taxonomy":"post_tag","embeddable":true,"href":"https:\/\/www.ufsm.br\/pro-reitorias\/prpgp\/jai\/wp-json\/wp\/v2\/tags?post=2881"}],"curies":[{"name":"wp","href":"https:\/\/api.w.org\/{rel}","templated":true}]}}