{"id":1041,"date":"2021-12-06T08:39:35","date_gmt":"2021-12-06T11:39:35","guid":{"rendered":"https:\/\/www.ufsm.br\/pro-reitorias\/prpgp\/multiusuario\/?p=1041"},"modified":"2021-12-06T08:39:36","modified_gmt":"2021-12-06T11:39:36","slug":"centrifuga-refrigerada-marca-sigma-nso-138679","status":"publish","type":"post","link":"https:\/\/www.ufsm.br\/pro-reitorias\/prpgp\/multiusuario\/2021\/12\/06\/centrifuga-refrigerada-marca-sigma-nso-138679","title":{"rendered":"Centr\u00edfuga Refrigerada, marca SIGMA, NS\u00ba 138679"},"content":{"rendered":"\n<p><strong><span style=\"font-size: 9pt;font-family: Arial, sans-serif\">Descri\u00e7\u00e3o do Equipamento:<\/span><\/strong><span style=\"font-size: 9pt;font-family: Arial, sans-serif\"> Centr\u00edfuga Refrigerada, marca SIGMA, NS\u00ba 138679<\/span><\/p>\n<p><strong><span style=\"font-size: 9pt;font-family: Arial, sans-serif\">N\u00famero Patrim\u00f4nio:<\/span><\/strong><span style=\"font-size: 9pt;font-family: Arial, sans-serif\"> 161258<\/span><\/p>\n<p><strong><span style=\"font-size: 9pt;font-family: Arial, sans-serif\">Localiza\u00e7\u00e3o:<\/span><\/strong><span style=\"font-size: 9pt;font-family: Arial, sans-serif\">Laborat\u00f3rio de Biotecnologia Vegetal e de Nutri\u00e7\u00e3o Mineral de Plantas &#8211; Pr\u00e9dio 16, Sala 3109<\/span><\/p>\n<p><strong><span style=\"font-size: 9pt;font-family: Arial, sans-serif\">Respons\u00e1vel pelo equipamento:<\/span><\/strong><span style=\"font-size: 9pt;font-family: Arial, sans-serif\">Fernando Teixeira Nicoloso<\/span><\/p>\n<p><strong><span style=\"font-size: 9pt;font-family: Arial, sans-serif\">Contato para agendamento:<\/span><\/strong><span style=\"font-size: 9pt;font-family: Arial, sans-serif\"> Fernando Teixeira Nicoloso<\/span><\/p>\n<p><strong><span style=\"font-size: 9pt;font-family: Arial, sans-serif\">Fone para agendamento: <\/span><\/strong><span style=\"font-size: 9pt;font-family: Arial, sans-serif\">3220-8339<\/span><\/p>\n<p><strong><span style=\"font-size: 9pt;font-family: Arial, sans-serif\">E-mail para agendamento: <\/span><\/strong><span style=\"font-size: 9pt;font-family: Arial, sans-serif\">ftnicoloso@yahoo.com<\/span><\/p>\n<p><strong><span style=\"font-size: 9pt;font-family: Arial, sans-serif\">Foto do Equipamento:<\/span><\/strong><\/p>\n<p><img fetchpriority=\"high\" decoding=\"async\" class=\"alignnone size-full wp-image-1042\" src=\"https:\/\/www.ufsm.br\/app\/uploads\/sites\/775\/2021\/12\/Centrifuga-161258.jpg\" alt=\"\" width=\"300\" height=\"168\" \/><\/p>\n<p>\u00a0<\/p>\n","protected":false},"excerpt":{"rendered":"<p>Descri\u00e7\u00e3o do Equipamento: Centr\u00edfuga Refrigerada, marca SIGMA, NS\u00ba 138679 N\u00famero Patrim\u00f4nio: 161258 Localiza\u00e7\u00e3o:Laborat\u00f3rio de Biotecnologia Vegetal e de Nutri\u00e7\u00e3o Mineral de Plantas &#8211; Pr\u00e9dio 16, Sala 3109 Respons\u00e1vel pelo equipamento:Fernando Teixeira Nicoloso Contato para agendamento: Fernando Teixeira Nicoloso Fone para agendamento: 3220-8339 E-mail para agendamento: ftnicoloso@yahoo.com Foto do Equipamento: \u00a0<\/p>\n","protected":false},"author":2287,"featured_media":1042,"comment_status":"closed","ping_status":"closed","sticky":false,"template":"","format":"standard","meta":{"footnotes":""},"categories":[19],"tags":[],"class_list":["post-1041","post","type-post","status-publish","format-standard","has-post-thumbnail","hentry","category-pro-equipamentos-capes"],"acf":[],"_links":{"self":[{"href":"https:\/\/www.ufsm.br\/pro-reitorias\/prpgp\/multiusuario\/wp-json\/wp\/v2\/posts\/1041","targetHints":{"allow":["GET"]}}],"collection":[{"href":"https:\/\/www.ufsm.br\/pro-reitorias\/prpgp\/multiusuario\/wp-json\/wp\/v2\/posts"}],"about":[{"href":"https:\/\/www.ufsm.br\/pro-reitorias\/prpgp\/multiusuario\/wp-json\/wp\/v2\/types\/post"}],"author":[{"embeddable":true,"href":"https:\/\/www.ufsm.br\/pro-reitorias\/prpgp\/multiusuario\/wp-json\/wp\/v2\/users\/2287"}],"replies":[{"embeddable":true,"href":"https:\/\/www.ufsm.br\/pro-reitorias\/prpgp\/multiusuario\/wp-json\/wp\/v2\/comments?post=1041"}],"version-history":[{"count":0,"href":"https:\/\/www.ufsm.br\/pro-reitorias\/prpgp\/multiusuario\/wp-json\/wp\/v2\/posts\/1041\/revisions"}],"wp:featuredmedia":[{"embeddable":true,"href":"https:\/\/www.ufsm.br\/pro-reitorias\/prpgp\/multiusuario\/wp-json\/wp\/v2\/media\/1042"}],"wp:attachment":[{"href":"https:\/\/www.ufsm.br\/pro-reitorias\/prpgp\/multiusuario\/wp-json\/wp\/v2\/media?parent=1041"}],"wp:term":[{"taxonomy":"category","embeddable":true,"href":"https:\/\/www.ufsm.br\/pro-reitorias\/prpgp\/multiusuario\/wp-json\/wp\/v2\/categories?post=1041"},{"taxonomy":"post_tag","embeddable":true,"href":"https:\/\/www.ufsm.br\/pro-reitorias\/prpgp\/multiusuario\/wp-json\/wp\/v2\/tags?post=1041"}],"curies":[{"name":"wp","href":"https:\/\/api.w.org\/{rel}","templated":true}]}}