{"id":1060,"date":"2021-12-10T09:20:33","date_gmt":"2021-12-10T12:20:33","guid":{"rendered":"https:\/\/www.ufsm.br\/pro-reitorias\/prpgp\/multiusuario\/?p=1060"},"modified":"2021-12-10T09:20:34","modified_gmt":"2021-12-10T12:20:34","slug":"espectrofotometro-de-absorcao-atomica-perkin-elmer","status":"publish","type":"post","link":"https:\/\/www.ufsm.br\/pro-reitorias\/prpgp\/multiusuario\/2021\/12\/10\/espectrofotometro-de-absorcao-atomica-perkin-elmer","title":{"rendered":"Espectrofot\u00f4metro de Absor\u00e7\u00e3o At\u00f4mica Perkin Elmer"},"content":{"rendered":"\n<p><strong>Descri\u00e7\u00e3o do Equipamento: <\/strong>Espectrofot\u00f4metro de Absor\u00e7\u00e3o At\u00f4mica Perkin Elmer<\/p>\n<p><strong>N\u00famero Patrim\u00f4nio:<\/strong>\u00a0 226372<\/p>\n<p><strong>Localiza\u00e7\u00e3o:<\/strong>Departamento de Fisiologia e Farmacologia \u2013 Pr\u00e9dio 21, Sala 5106A<\/p>\n<p><strong>Respons\u00e1vel pelo equipamento: <\/strong>Bernardo Baldisserotto<\/p>\n<p><strong>Contato para agendamento: <\/strong>Bernardo Baldisserotto<\/p>\n<p><strong>Fone para agendamento:<\/strong> 3220 9382<\/p>\n<p><strong>E-mail para agendamento: <\/strong>bbaldisserotto@gmail.com<\/p>\n<p><strong>Foto do Equipamento:<\/strong><\/p>\n<p><img fetchpriority=\"high\" decoding=\"async\" class=\"alignnone size-medium wp-image-1062\" src=\"https:\/\/www.ufsm.br\/app\/uploads\/sites\/775\/2021\/12\/Espectrofotometro-226372-1-181x300.jpg\" alt=\"\" width=\"181\" height=\"300\" srcset=\"https:\/\/www.ufsm.br\/app\/uploads\/sites\/775\/2021\/12\/Espectrofotometro-226372-1-181x300.jpg 181w, https:\/\/www.ufsm.br\/app\/uploads\/sites\/775\/2021\/12\/Espectrofotometro-226372-1.jpg 300w\" sizes=\"(max-width: 181px) 100vw, 181px\" \/><\/p>\n","protected":false},"excerpt":{"rendered":"<p>Descri\u00e7\u00e3o do Equipamento: Espectrofot\u00f4metro de Absor\u00e7\u00e3o At\u00f4mica Perkin Elmer N\u00famero Patrim\u00f4nio:\u00a0 226372 Localiza\u00e7\u00e3o:Departamento de Fisiologia e Farmacologia \u2013 Pr\u00e9dio 21, Sala 5106A Respons\u00e1vel pelo equipamento: Bernardo Baldisserotto Contato para agendamento: Bernardo Baldisserotto Fone para agendamento: 3220 9382 E-mail para agendamento: bbaldisserotto@gmail.com Foto do Equipamento:<\/p>\n","protected":false},"author":2287,"featured_media":1062,"comment_status":"closed","ping_status":"closed","sticky":false,"template":"","format":"standard","meta":{"footnotes":""},"categories":[19],"tags":[],"class_list":["post-1060","post","type-post","status-publish","format-standard","has-post-thumbnail","hentry","category-pro-equipamentos-capes"],"acf":[],"_links":{"self":[{"href":"https:\/\/www.ufsm.br\/pro-reitorias\/prpgp\/multiusuario\/wp-json\/wp\/v2\/posts\/1060","targetHints":{"allow":["GET"]}}],"collection":[{"href":"https:\/\/www.ufsm.br\/pro-reitorias\/prpgp\/multiusuario\/wp-json\/wp\/v2\/posts"}],"about":[{"href":"https:\/\/www.ufsm.br\/pro-reitorias\/prpgp\/multiusuario\/wp-json\/wp\/v2\/types\/post"}],"author":[{"embeddable":true,"href":"https:\/\/www.ufsm.br\/pro-reitorias\/prpgp\/multiusuario\/wp-json\/wp\/v2\/users\/2287"}],"replies":[{"embeddable":true,"href":"https:\/\/www.ufsm.br\/pro-reitorias\/prpgp\/multiusuario\/wp-json\/wp\/v2\/comments?post=1060"}],"version-history":[{"count":0,"href":"https:\/\/www.ufsm.br\/pro-reitorias\/prpgp\/multiusuario\/wp-json\/wp\/v2\/posts\/1060\/revisions"}],"wp:featuredmedia":[{"embeddable":true,"href":"https:\/\/www.ufsm.br\/pro-reitorias\/prpgp\/multiusuario\/wp-json\/wp\/v2\/media\/1062"}],"wp:attachment":[{"href":"https:\/\/www.ufsm.br\/pro-reitorias\/prpgp\/multiusuario\/wp-json\/wp\/v2\/media?parent=1060"}],"wp:term":[{"taxonomy":"category","embeddable":true,"href":"https:\/\/www.ufsm.br\/pro-reitorias\/prpgp\/multiusuario\/wp-json\/wp\/v2\/categories?post=1060"},{"taxonomy":"post_tag","embeddable":true,"href":"https:\/\/www.ufsm.br\/pro-reitorias\/prpgp\/multiusuario\/wp-json\/wp\/v2\/tags?post=1060"}],"curies":[{"name":"wp","href":"https:\/\/api.w.org\/{rel}","templated":true}]}}