{"id":1094,"date":"2022-04-12T08:04:47","date_gmt":"2022-04-12T11:04:47","guid":{"rendered":"https:\/\/www.ufsm.br\/pro-reitorias\/prpgp\/multiusuario\/?p=1094"},"modified":"2022-04-12T08:04:48","modified_gmt":"2022-04-12T11:04:48","slug":"aparelho-medidor-de-ph-leitura-digital","status":"publish","type":"post","link":"https:\/\/www.ufsm.br\/pro-reitorias\/prpgp\/multiusuario\/2022\/04\/12\/aparelho-medidor-de-ph-leitura-digital","title":{"rendered":"Aparelho medidor de pH, leitura digital"},"content":{"rendered":"\n<p><strong>Descri\u00e7\u00e3o do Equipamento:<\/strong> Aparelho medidor de pH, leitura digital<\/p>\n<p><strong>N\u00famero Patrim\u00f4nio:<\/strong> 183059<\/p>\n<p><strong>Localiza\u00e7\u00e3o:\u00a0<\/strong>Laborat\u00f3rio de Biotecnologia Vegetal e Laborat\u00f3rio de Cultura de Tecidos Vegetais<\/p>\n<p><strong>Respons\u00e1vel pelo equipamento:\u00a0<\/strong>Ju\u00e7ara Terezinha Paranhos<\/p>\n<p><strong>Contato para agendamento:\u00a0<\/strong>Ju\u00e7ara Terezinha Paranhos<\/p>\n<p><strong>Fone para agendamento:\u00a0<\/strong>3220-8339<\/p>\n<p><strong>E-mail para agendamento:\u00a0<\/strong><a class=\"notranslate\" href=\"mailto:jtparanhos@gmail.com\">jtparanhos@gmail.com<\/a><\/p>\n<p><strong>Foto do Equipamento:<\/strong><\/p>\n<p><img fetchpriority=\"high\" decoding=\"async\" class=\"alignnone size-medium wp-image-1095\" src=\"https:\/\/www.ufsm.br\/app\/uploads\/sites\/775\/2022\/04\/Aparelho-Medidor-PH-183059-247x300.jpg\" alt=\"\" width=\"247\" height=\"300\" srcset=\"https:\/\/www.ufsm.br\/app\/uploads\/sites\/775\/2022\/04\/Aparelho-Medidor-PH-183059-247x300.jpg 247w, https:\/\/www.ufsm.br\/app\/uploads\/sites\/775\/2022\/04\/Aparelho-Medidor-PH-183059.jpg 400w\" sizes=\"(max-width: 247px) 100vw, 247px\" \/><\/p>\n","protected":false},"excerpt":{"rendered":"<p>Descri\u00e7\u00e3o do Equipamento: Aparelho medidor de pH, leitura digital N\u00famero Patrim\u00f4nio: 183059 Localiza\u00e7\u00e3o:\u00a0Laborat\u00f3rio de Biotecnologia Vegetal e Laborat\u00f3rio de Cultura de Tecidos Vegetais Respons\u00e1vel pelo equipamento:\u00a0Ju\u00e7ara Terezinha Paranhos Contato para agendamento:\u00a0Ju\u00e7ara Terezinha Paranhos Fone para agendamento:\u00a03220-8339 E-mail para agendamento:\u00a0jtparanhos@gmail.com Foto do Equipamento:<\/p>\n","protected":false},"author":2287,"featured_media":1095,"comment_status":"closed","ping_status":"closed","sticky":false,"template":"","format":"standard","meta":{"footnotes":""},"categories":[19],"tags":[],"class_list":["post-1094","post","type-post","status-publish","format-standard","has-post-thumbnail","hentry","category-pro-equipamentos-capes"],"acf":[],"_links":{"self":[{"href":"https:\/\/www.ufsm.br\/pro-reitorias\/prpgp\/multiusuario\/wp-json\/wp\/v2\/posts\/1094","targetHints":{"allow":["GET"]}}],"collection":[{"href":"https:\/\/www.ufsm.br\/pro-reitorias\/prpgp\/multiusuario\/wp-json\/wp\/v2\/posts"}],"about":[{"href":"https:\/\/www.ufsm.br\/pro-reitorias\/prpgp\/multiusuario\/wp-json\/wp\/v2\/types\/post"}],"author":[{"embeddable":true,"href":"https:\/\/www.ufsm.br\/pro-reitorias\/prpgp\/multiusuario\/wp-json\/wp\/v2\/users\/2287"}],"replies":[{"embeddable":true,"href":"https:\/\/www.ufsm.br\/pro-reitorias\/prpgp\/multiusuario\/wp-json\/wp\/v2\/comments?post=1094"}],"version-history":[{"count":0,"href":"https:\/\/www.ufsm.br\/pro-reitorias\/prpgp\/multiusuario\/wp-json\/wp\/v2\/posts\/1094\/revisions"}],"wp:featuredmedia":[{"embeddable":true,"href":"https:\/\/www.ufsm.br\/pro-reitorias\/prpgp\/multiusuario\/wp-json\/wp\/v2\/media\/1095"}],"wp:attachment":[{"href":"https:\/\/www.ufsm.br\/pro-reitorias\/prpgp\/multiusuario\/wp-json\/wp\/v2\/media?parent=1094"}],"wp:term":[{"taxonomy":"category","embeddable":true,"href":"https:\/\/www.ufsm.br\/pro-reitorias\/prpgp\/multiusuario\/wp-json\/wp\/v2\/categories?post=1094"},{"taxonomy":"post_tag","embeddable":true,"href":"https:\/\/www.ufsm.br\/pro-reitorias\/prpgp\/multiusuario\/wp-json\/wp\/v2\/tags?post=1094"}],"curies":[{"name":"wp","href":"https:\/\/api.w.org\/{rel}","templated":true}]}}