{"id":192,"date":"2017-11-08T15:00:01","date_gmt":"2017-11-08T17:00:01","guid":{"rendered":"https:\/\/www.ufsm.br\/pro-reitorias\/prpgp\/multiusuario\/2017\/11\/08\/incubadora-de-bod-com-fotoperiodo-350-litros-modelo-ce-300-350f-marca-cienlab\/"},"modified":"2021-12-07T09:28:06","modified_gmt":"2021-12-07T12:28:06","slug":"incubadora-de-bod-com-fotoperiodo-350-litros-modelo-ce-300-350f-marca-cienlab","status":"publish","type":"post","link":"https:\/\/www.ufsm.br\/pro-reitorias\/prpgp\/multiusuario\/2017\/11\/08\/incubadora-de-bod-com-fotoperiodo-350-litros-modelo-ce-300-350f-marca-cienlab","title":{"rendered":"Incubadora de BOD com Fotoper\u00edodo, 370 litros. Modelo: EL202 Marca: ELETROLAB"},"content":{"rendered":"<p><strong><span style=\"font-size: 9pt;font-family: Arial, sans-serif\">Descri\u00e7\u00e3o do Equipamento:<\/span><\/strong><span style=\"font-size: 9pt;font-family: Arial, sans-serif\"> Incubadora de BOD com Fotoper\u00edodo, 370 litros. Modelo: EL202, Marca: ELETROLAB<\/span><\/p>\n<p><strong><span style=\"font-size: 9pt;font-family: Arial, sans-serif\">N\u00famero Patrim\u00f4nio:<\/span><\/strong><span style=\"font-size: 9pt;font-family: Arial, sans-serif\">\u00a0182751 e 182752<\/span><\/p>\n<p><strong><span style=\"font-size: 9pt;font-family: Arial, sans-serif\">Localiza\u00e7\u00e3o:\u00a0<\/span><\/strong><span style=\"font-size: 9pt;font-family: Arial, sans-serif\">Laborat\u00f3rio de Intera\u00e7\u00e3o Planta Microorganismos &#8211; Pr\u00e9dio 16 Bloco A, Sala 3119<\/span><strong><span style=\"font-size: 9pt;font-family: Arial, sans-serif\"><br \/>\n<\/span><\/strong><\/p>\n<p><strong><span style=\"font-size: 9pt;font-family: Arial, sans-serif\">Respons\u00e1vel pelo equipamento:\u00a0<\/span><\/strong><span style=\"font-size: 9pt;font-family: Arial, sans-serif\">Ant\u00f4nio Carlos F. da Silva<\/span><\/p>\n<p><strong><span style=\"font-size: 9pt;font-family: Arial, sans-serif\">Contato para agendamento:\u00a0<\/span><\/strong><span style=\"font-size: 9pt;font-family: Arial, sans-serif\">Ant\u00f4nio Carlos F. da Silva<\/span><\/p>\n<p><strong><span style=\"font-size: 9pt;font-family: Arial, sans-serif\">Fone para agendamento: <\/span><\/strong><span style=\"font-size: 9pt;font-family: Arial, sans-serif\">3220-8339<\/span><\/p>\n<p><strong><span style=\"font-size: 9pt;font-family: Arial, sans-serif\">E-mail para agendamento:\u00a0<\/span><\/strong><span style=\"font-size: 9pt;font-family: Arial, sans-serif\"><a href=\"mailto:acfsilva2@uol.com.br\">acfsilva2@uol.com.br<\/a><\/span><\/p>\n<p><strong><span style=\"font-size: 9pt;font-family: Arial, sans-serif\">Foto do Equipamento:<\/span><\/strong><\/p>\n<p><img fetchpriority=\"high\" decoding=\"async\" class=\"alignnone size-medium wp-image-1047\" src=\"https:\/\/www.ufsm.br\/app\/uploads\/sites\/775\/2017\/11\/Incubadora-BODs-ELETROLAB-182751-182752-245x300.jpg\" alt=\"\" width=\"245\" height=\"300\" srcset=\"https:\/\/www.ufsm.br\/app\/uploads\/sites\/775\/2017\/11\/Incubadora-BODs-ELETROLAB-182751-182752-245x300.jpg 245w, https:\/\/www.ufsm.br\/app\/uploads\/sites\/775\/2017\/11\/Incubadora-BODs-ELETROLAB-182751-182752.jpg 300w\" sizes=\"(max-width: 245px) 100vw, 245px\" \/><\/p>\n","protected":false},"excerpt":{"rendered":"<p>Descri\u00e7\u00e3o do Equipamento: Incubadora de BOD com Fotoper\u00edodo, 370 litros. Modelo: EL202, Marca: ELETROLAB N\u00famero Patrim\u00f4nio:\u00a0182751 e 182752 Localiza\u00e7\u00e3o:\u00a0Laborat\u00f3rio de Intera\u00e7\u00e3o Planta Microorganismos &#8211; Pr\u00e9dio 16 Bloco A, Sala 3119 Respons\u00e1vel pelo equipamento:\u00a0Ant\u00f4nio Carlos F. da Silva Contato para agendamento:\u00a0Ant\u00f4nio Carlos F. da Silva Fone para agendamento: 3220-8339 E-mail para agendamento:\u00a0acfsilva2@uol.com.br Foto do Equipamento:<\/p>\n","protected":false},"author":25,"featured_media":1047,"comment_status":"closed","ping_status":"closed","sticky":false,"template":"","format":"standard","meta":{"footnotes":""},"categories":[19],"tags":[],"class_list":["post-192","post","type-post","status-publish","format-standard","has-post-thumbnail","hentry","category-pro-equipamentos-capes"],"acf":[],"_links":{"self":[{"href":"https:\/\/www.ufsm.br\/pro-reitorias\/prpgp\/multiusuario\/wp-json\/wp\/v2\/posts\/192","targetHints":{"allow":["GET"]}}],"collection":[{"href":"https:\/\/www.ufsm.br\/pro-reitorias\/prpgp\/multiusuario\/wp-json\/wp\/v2\/posts"}],"about":[{"href":"https:\/\/www.ufsm.br\/pro-reitorias\/prpgp\/multiusuario\/wp-json\/wp\/v2\/types\/post"}],"author":[{"embeddable":true,"href":"https:\/\/www.ufsm.br\/pro-reitorias\/prpgp\/multiusuario\/wp-json\/wp\/v2\/users\/25"}],"replies":[{"embeddable":true,"href":"https:\/\/www.ufsm.br\/pro-reitorias\/prpgp\/multiusuario\/wp-json\/wp\/v2\/comments?post=192"}],"version-history":[{"count":0,"href":"https:\/\/www.ufsm.br\/pro-reitorias\/prpgp\/multiusuario\/wp-json\/wp\/v2\/posts\/192\/revisions"}],"wp:featuredmedia":[{"embeddable":true,"href":"https:\/\/www.ufsm.br\/pro-reitorias\/prpgp\/multiusuario\/wp-json\/wp\/v2\/media\/1047"}],"wp:attachment":[{"href":"https:\/\/www.ufsm.br\/pro-reitorias\/prpgp\/multiusuario\/wp-json\/wp\/v2\/media?parent=192"}],"wp:term":[{"taxonomy":"category","embeddable":true,"href":"https:\/\/www.ufsm.br\/pro-reitorias\/prpgp\/multiusuario\/wp-json\/wp\/v2\/categories?post=192"},{"taxonomy":"post_tag","embeddable":true,"href":"https:\/\/www.ufsm.br\/pro-reitorias\/prpgp\/multiusuario\/wp-json\/wp\/v2\/tags?post=192"}],"curies":[{"name":"wp","href":"https:\/\/api.w.org\/{rel}","templated":true}]}}