{"id":203,"date":"2017-11-08T15:17:33","date_gmt":"2017-11-08T17:17:33","guid":{"rendered":"https:\/\/www.ufsm.br\/pro-reitorias\/prpgp\/multiusuario\/2017\/11\/08\/espectrometro-de-absorcao-atomica\/"},"modified":"2021-12-07T09:53:03","modified_gmt":"2021-12-07T12:53:03","slug":"espectrometro-de-absorcao-atomica","status":"publish","type":"post","link":"https:\/\/www.ufsm.br\/pro-reitorias\/prpgp\/multiusuario\/2017\/11\/08\/espectrometro-de-absorcao-atomica","title":{"rendered":"Espectr\u00f4metro de Absor\u00e7\u00e3o At\u00f4mica"},"content":{"rendered":"<p><strong><span style=\"font-size: 9pt;font-family: Arial, sans-serif\">Descri\u00e7\u00e3o do Equipamento:<\/span><\/strong><span style=\"font-size: 9pt;font-family: Arial, sans-serif\">\u00a0Espectr\u00f4metro de Absor\u00e7\u00e3o At\u00f4mica<\/span><\/p>\n<p><strong><span style=\"font-size: 9pt;font-family: Arial, sans-serif\">N\u00famero Patrim\u00f4nio:<\/span><\/strong><span style=\"font-size: 9pt;font-family: Arial, sans-serif\">\u00a0239548<\/span><\/p>\n<p><strong><span style=\"font-size: 9pt;font-family: Arial, sans-serif\">Localiza\u00e7\u00e3o:\u00a0<\/span><\/strong><span style=\"font-size: 9pt;font-family: Arial, sans-serif\">Laborat\u00f3rio Fertilidade de Solos &#8211; Pr\u00e9dio 43, Sala 105<\/span><\/p>\n<p><strong><span style=\"font-size: 9pt;font-family: Arial, sans-serif\">Respons\u00e1vel pelo equipamento:\u00a0<\/span><\/strong><span style=\"font-size: 9pt;font-family: Arial, sans-serif\">Gustavo Brunetto e Ricardo Dalmolin<\/span><\/p>\n<p><strong><span style=\"font-size: 9pt;font-family: Arial, sans-serif\">Contato para agendamento:\u00a0<\/span><\/strong><span style=\"font-size: 9pt;font-family: Arial, sans-serif\">Gustavo Brunetto e Ricardo Dalmolin<\/span><\/p>\n<p><strong><span style=\"font-size: 9pt;font-family: Arial, sans-serif\">Fone para agendamento: <\/span><\/strong><span style=\"font-size: 9pt;font-family: Arial, sans-serif\">3220-8108<\/span><\/p>\n<p><strong><span style=\"font-size: 9pt;font-family: Arial, sans-serif\">E-mail para agendamento:<\/span><\/strong><span style=\"font-size: 9pt;font-family: Arial, sans-serif\">\u00a0<\/span><span style=\"font-size: 9pt;font-family: Arial, sans-serif\"><a href=\"mailto:brunetto.gustavo@gmail.com\">brunetto.gustavo@gmail.com<\/a><\/span><\/p>\n<p><strong><span style=\"font-size: 9pt;font-family: Arial, sans-serif\">Foto do equipamento:<\/span><\/strong><\/p>\n<p><img fetchpriority=\"high\" decoding=\"async\" class=\"alignnone size-medium wp-image-927 alignleft\" src=\"https:\/\/www.ufsm.br\/app\/uploads\/sites\/775\/2017\/11\/20200116_080030-300x169.jpg\" alt=\"\" width=\"300\" height=\"169\" srcset=\"https:\/\/www.ufsm.br\/app\/uploads\/sites\/775\/2017\/11\/20200116_080030-300x169.jpg 300w, https:\/\/www.ufsm.br\/app\/uploads\/sites\/775\/2017\/11\/20200116_080030.jpg 640w\" sizes=\"(max-width: 300px) 100vw, 300px\" \/><\/p>\n","protected":false},"excerpt":{"rendered":"<p>Descri\u00e7\u00e3o do Equipamento:\u00a0Espectr\u00f4metro de Absor\u00e7\u00e3o At\u00f4mica N\u00famero Patrim\u00f4nio:\u00a0239548 Localiza\u00e7\u00e3o:\u00a0Laborat\u00f3rio Fertilidade de Solos &#8211; Pr\u00e9dio 43, Sala 105 Respons\u00e1vel pelo equipamento:\u00a0Gustavo Brunetto e Ricardo Dalmolin Contato para agendamento:\u00a0Gustavo Brunetto e Ricardo Dalmolin Fone para agendamento: 3220-8108 E-mail para agendamento:\u00a0brunetto.gustavo@gmail.com Foto do equipamento:<\/p>\n","protected":false},"author":25,"featured_media":1023,"comment_status":"closed","ping_status":"closed","sticky":false,"template":"","format":"standard","meta":{"footnotes":""},"categories":[19],"tags":[],"class_list":["post-203","post","type-post","status-publish","format-standard","has-post-thumbnail","hentry","category-pro-equipamentos-capes"],"acf":[],"_links":{"self":[{"href":"https:\/\/www.ufsm.br\/pro-reitorias\/prpgp\/multiusuario\/wp-json\/wp\/v2\/posts\/203","targetHints":{"allow":["GET"]}}],"collection":[{"href":"https:\/\/www.ufsm.br\/pro-reitorias\/prpgp\/multiusuario\/wp-json\/wp\/v2\/posts"}],"about":[{"href":"https:\/\/www.ufsm.br\/pro-reitorias\/prpgp\/multiusuario\/wp-json\/wp\/v2\/types\/post"}],"author":[{"embeddable":true,"href":"https:\/\/www.ufsm.br\/pro-reitorias\/prpgp\/multiusuario\/wp-json\/wp\/v2\/users\/25"}],"replies":[{"embeddable":true,"href":"https:\/\/www.ufsm.br\/pro-reitorias\/prpgp\/multiusuario\/wp-json\/wp\/v2\/comments?post=203"}],"version-history":[{"count":0,"href":"https:\/\/www.ufsm.br\/pro-reitorias\/prpgp\/multiusuario\/wp-json\/wp\/v2\/posts\/203\/revisions"}],"wp:featuredmedia":[{"embeddable":true,"href":"https:\/\/www.ufsm.br\/pro-reitorias\/prpgp\/multiusuario\/wp-json\/wp\/v2\/media\/1023"}],"wp:attachment":[{"href":"https:\/\/www.ufsm.br\/pro-reitorias\/prpgp\/multiusuario\/wp-json\/wp\/v2\/media?parent=203"}],"wp:term":[{"taxonomy":"category","embeddable":true,"href":"https:\/\/www.ufsm.br\/pro-reitorias\/prpgp\/multiusuario\/wp-json\/wp\/v2\/categories?post=203"},{"taxonomy":"post_tag","embeddable":true,"href":"https:\/\/www.ufsm.br\/pro-reitorias\/prpgp\/multiusuario\/wp-json\/wp\/v2\/tags?post=203"}],"curies":[{"name":"wp","href":"https:\/\/api.w.org\/{rel}","templated":true}]}}