{"id":218,"date":"2017-11-08T15:40:49","date_gmt":"2017-11-08T17:40:49","guid":{"rendered":"https:\/\/www.ufsm.br\/pro-reitorias\/prpgp\/multiusuario\/2017\/11\/08\/medidor-de-oxigenio-do-solo-com-4-sensores\/"},"modified":"2021-12-22T10:57:02","modified_gmt":"2021-12-22T13:57:02","slug":"medidor-de-oxigenio-do-solo-com-4-sensores","status":"publish","type":"post","link":"https:\/\/www.ufsm.br\/pro-reitorias\/prpgp\/multiusuario\/2017\/11\/08\/medidor-de-oxigenio-do-solo-com-4-sensores","title":{"rendered":"Medidor de oxig\u00eanio do solo,com 4 sensores"},"content":{"rendered":"<p><strong><span style=\"font-size: 9pt;font-family: Arial, sans-serif\">Descri\u00e7\u00e3o do Equipamento:<\/span><\/strong><span style=\"font-size: 9pt;font-family: Arial, sans-serif\">\u00a0Medidor de oxig\u00eanio do solo,com 4 sensores<\/span><\/p>\n<p><strong><span style=\"font-size: 9pt;font-family: Arial, sans-serif\">N\u00famero Patrim\u00f4nio:<\/span><\/strong><span style=\"font-size: 9pt;font-family: Arial, sans-serif\">\u00a0222926\u00a0<\/span><\/p>\n<p><strong><span style=\"font-size: 9pt;font-family: Arial, sans-serif\">Localiza\u00e7\u00e3o:\u00a0<\/span><\/strong><span style=\"font-size: 9pt;font-family: Arial, sans-serif\">Laborat\u00f3rio de V\u00e1rzea &#8211; Setor de Agricultura<\/span><\/p>\n<p><strong><span style=\"font-size: 9pt;font-family: Arial, sans-serif\">Respons\u00e1vel pelo equipamento:\u00a0<\/span><\/strong><span style=\"font-size: 9pt;font-family: Arial, sans-serif\">Enio Marchesan<\/span><\/p>\n<p><strong><span style=\"font-size: 9pt;font-family: Arial, sans-serif\">Contato para agendamento:\u00a0<\/span><\/strong><span style=\"font-size: 9pt;font-family: Arial, sans-serif\">Enio Marchesan<\/span><\/p>\n<p><strong><span style=\"font-size: 9pt;font-family: Arial, sans-serif\">Fone para agendamento:<\/span><\/strong><span style=\"font-size: 9pt;font-family: Arial, sans-serif\"> 3220-8451 ou 99631 7281<\/span><\/p>\n<p><strong><span style=\"font-size: 9pt;font-family: Arial, sans-serif\">E-mail para agendamento:\u00a0<\/span><\/strong><span style=\"font-size: 9pt;font-family: Arial, sans-serif\"><a href=\"mailto:eniomarchesan@gmail.com\">eniomarchesan@gmail.com<\/a><\/span><\/p>\n<p><strong><span style=\"font-size: 9pt;font-family: Arial, sans-serif\">Foto do equipametno:<\/span><\/strong><\/p>\n<p><img fetchpriority=\"high\" decoding=\"async\" class=\"alignnone size-medium wp-image-926 alignleft\" src=\"https:\/\/www.ufsm.br\/app\/uploads\/sites\/775\/2017\/11\/20200116_074701-300x169.jpg\" alt=\"\" width=\"300\" height=\"169\" srcset=\"https:\/\/www.ufsm.br\/app\/uploads\/sites\/775\/2017\/11\/20200116_074701-300x169.jpg 300w, https:\/\/www.ufsm.br\/app\/uploads\/sites\/775\/2017\/11\/20200116_074701-1024x576.jpg 1024w, https:\/\/www.ufsm.br\/app\/uploads\/sites\/775\/2017\/11\/20200116_074701-768x432.jpg 768w, https:\/\/www.ufsm.br\/app\/uploads\/sites\/775\/2017\/11\/20200116_074701-1536x864.jpg 1536w, https:\/\/www.ufsm.br\/app\/uploads\/sites\/775\/2017\/11\/20200116_074701.jpg 1600w\" sizes=\"(max-width: 300px) 100vw, 300px\" \/><\/p>\n","protected":false},"excerpt":{"rendered":"<p>Descri\u00e7\u00e3o do Equipamento:\u00a0Medidor de oxig\u00eanio do solo,com 4 sensores N\u00famero Patrim\u00f4nio:\u00a0222926\u00a0 Localiza\u00e7\u00e3o:\u00a0Laborat\u00f3rio de V\u00e1rzea &#8211; Setor de Agricultura Respons\u00e1vel pelo equipamento:\u00a0Enio Marchesan Contato para agendamento:\u00a0Enio Marchesan Fone para agendamento: 3220-8451 ou 99631 7281 E-mail para agendamento:\u00a0eniomarchesan@gmail.com Foto do equipametno:<\/p>\n","protected":false},"author":25,"featured_media":926,"comment_status":"closed","ping_status":"closed","sticky":false,"template":"","format":"standard","meta":{"footnotes":""},"categories":[19],"tags":[],"class_list":["post-218","post","type-post","status-publish","format-standard","has-post-thumbnail","hentry","category-pro-equipamentos-capes"],"acf":[],"_links":{"self":[{"href":"https:\/\/www.ufsm.br\/pro-reitorias\/prpgp\/multiusuario\/wp-json\/wp\/v2\/posts\/218","targetHints":{"allow":["GET"]}}],"collection":[{"href":"https:\/\/www.ufsm.br\/pro-reitorias\/prpgp\/multiusuario\/wp-json\/wp\/v2\/posts"}],"about":[{"href":"https:\/\/www.ufsm.br\/pro-reitorias\/prpgp\/multiusuario\/wp-json\/wp\/v2\/types\/post"}],"author":[{"embeddable":true,"href":"https:\/\/www.ufsm.br\/pro-reitorias\/prpgp\/multiusuario\/wp-json\/wp\/v2\/users\/25"}],"replies":[{"embeddable":true,"href":"https:\/\/www.ufsm.br\/pro-reitorias\/prpgp\/multiusuario\/wp-json\/wp\/v2\/comments?post=218"}],"version-history":[{"count":0,"href":"https:\/\/www.ufsm.br\/pro-reitorias\/prpgp\/multiusuario\/wp-json\/wp\/v2\/posts\/218\/revisions"}],"wp:featuredmedia":[{"embeddable":true,"href":"https:\/\/www.ufsm.br\/pro-reitorias\/prpgp\/multiusuario\/wp-json\/wp\/v2\/media\/926"}],"wp:attachment":[{"href":"https:\/\/www.ufsm.br\/pro-reitorias\/prpgp\/multiusuario\/wp-json\/wp\/v2\/media?parent=218"}],"wp:term":[{"taxonomy":"category","embeddable":true,"href":"https:\/\/www.ufsm.br\/pro-reitorias\/prpgp\/multiusuario\/wp-json\/wp\/v2\/categories?post=218"},{"taxonomy":"post_tag","embeddable":true,"href":"https:\/\/www.ufsm.br\/pro-reitorias\/prpgp\/multiusuario\/wp-json\/wp\/v2\/tags?post=218"}],"curies":[{"name":"wp","href":"https:\/\/api.w.org\/{rel}","templated":true}]}}