{"id":219,"date":"2017-11-08T15:41:30","date_gmt":"2017-11-08T17:41:30","guid":{"rendered":"https:\/\/www.ufsm.br\/pro-reitorias\/prpgp\/multiusuario\/2017\/11\/08\/analisador-estatistico-de-arroz\/"},"modified":"2021-12-17T11:59:02","modified_gmt":"2021-12-17T14:59:02","slug":"analisador-estatistico-de-arroz","status":"publish","type":"post","link":"https:\/\/www.ufsm.br\/pro-reitorias\/prpgp\/multiusuario\/2017\/11\/08\/analisador-estatistico-de-arroz","title":{"rendered":"Analisador estat\u00edstico de arroz"},"content":{"rendered":"<p style=\"font-size: 12.16px\"><strong><span style=\"font-size: 9pt;font-family: Arial, sans-serif\">Descri\u00e7\u00e3o do Equipamento:<\/span><\/strong><span style=\"font-size: 9pt;font-family: Arial, sans-serif\">\u00a0Analisador estat\u00edstico de arroz<\/span><\/p>\n<p style=\"font-size: 12.16px\"><strong><span style=\"font-size: 9pt;font-family: Arial, sans-serif\">N\u00famero Patrim\u00f4nio:<\/span><\/strong><span style=\"font-size: 9pt;font-family: Arial, sans-serif\">\u00a0226402<\/span><\/p>\n<p style=\"font-size: 12.16px\"><strong><span style=\"font-size: 9pt;font-family: Arial, sans-serif\">Localiza\u00e7\u00e3o: <\/span><\/strong><span style=\"font-size: 9pt;font-family: Arial, sans-serif\">Pr\u00e9dio 44, sala 5335<\/span><\/p>\n<p style=\"font-size: 12.16px\"><strong><span style=\"font-size: 9pt;font-family: Arial, sans-serif\">Respons\u00e1vel pelo equipamento:\u00a0<\/span><\/strong><span style=\"font-size: 9pt;font-family: Arial, sans-serif\">Enio Marchesan<\/span><\/p>\n<p style=\"font-size: 12.16px\"><strong><span style=\"font-size: 9pt;font-family: Arial, sans-serif\">Contato para agendamento:\u00a0<\/span><\/strong><span style=\"font-size: 9pt;font-family: Arial, sans-serif\">Enio Marchesan<\/span><\/p>\n<p style=\"font-size: 12.16px\"><strong><span style=\"font-size: 9pt;font-family: Arial, sans-serif\">Fone para agendamento: <\/span><\/strong><span style=\"font-size: 9pt;font-family: Arial, sans-serif\">3220-8451 ou 99631 7281<\/span><\/p>\n<p style=\"font-size: 12.16px\"><strong><span style=\"font-size: 9pt;font-family: Arial, sans-serif\">E-mail para agendamento:\u00a0<a href=\"mailto:eniomarchesan@gmail.com\">\u00a0<\/a><a href=\"mailto:eniomarchesan@gmail.com\">eniomarchesan@gmail.com<\/a><\/span><\/strong><\/p>\n<p><strong><span style=\"font-size: 9pt;font-family: Arial, sans-serif\">Foto do equipamento:<\/span><\/strong><\/p>\n<p><img fetchpriority=\"high\" decoding=\"async\" class=\"size-medium wp-image-925 alignleft\" src=\"https:\/\/www.ufsm.br\/app\/uploads\/sites\/775\/2017\/11\/20200116_090809-169x300.jpg\" alt=\"\" width=\"169\" height=\"300\" srcset=\"https:\/\/www.ufsm.br\/app\/uploads\/sites\/775\/2017\/11\/20200116_090809-169x300.jpg 169w, https:\/\/www.ufsm.br\/app\/uploads\/sites\/775\/2017\/11\/20200116_090809-576x1024.jpg 576w, https:\/\/www.ufsm.br\/app\/uploads\/sites\/775\/2017\/11\/20200116_090809-768x1365.jpg 768w, https:\/\/www.ufsm.br\/app\/uploads\/sites\/775\/2017\/11\/20200116_090809-864x1536.jpg 864w, https:\/\/www.ufsm.br\/app\/uploads\/sites\/775\/2017\/11\/20200116_090809.jpg 900w\" sizes=\"(max-width: 169px) 100vw, 169px\" \/><\/p>\n\n","protected":false},"excerpt":{"rendered":"<p>Descri\u00e7\u00e3o do Equipamento:\u00a0Analisador estat\u00edstico de arroz N\u00famero Patrim\u00f4nio:\u00a0226402 Localiza\u00e7\u00e3o: Pr\u00e9dio 44, sala 5335 Respons\u00e1vel pelo equipamento:\u00a0Enio Marchesan Contato para agendamento:\u00a0Enio Marchesan Fone para agendamento: 3220-8451 ou 99631 7281 E-mail para agendamento:\u00a0\u00a0eniomarchesan@gmail.com Foto do equipamento:<\/p>\n","protected":false},"author":25,"featured_media":925,"comment_status":"closed","ping_status":"closed","sticky":false,"template":"","format":"standard","meta":{"footnotes":""},"categories":[19],"tags":[],"class_list":["post-219","post","type-post","status-publish","format-standard","has-post-thumbnail","hentry","category-pro-equipamentos-capes"],"acf":[],"_links":{"self":[{"href":"https:\/\/www.ufsm.br\/pro-reitorias\/prpgp\/multiusuario\/wp-json\/wp\/v2\/posts\/219","targetHints":{"allow":["GET"]}}],"collection":[{"href":"https:\/\/www.ufsm.br\/pro-reitorias\/prpgp\/multiusuario\/wp-json\/wp\/v2\/posts"}],"about":[{"href":"https:\/\/www.ufsm.br\/pro-reitorias\/prpgp\/multiusuario\/wp-json\/wp\/v2\/types\/post"}],"author":[{"embeddable":true,"href":"https:\/\/www.ufsm.br\/pro-reitorias\/prpgp\/multiusuario\/wp-json\/wp\/v2\/users\/25"}],"replies":[{"embeddable":true,"href":"https:\/\/www.ufsm.br\/pro-reitorias\/prpgp\/multiusuario\/wp-json\/wp\/v2\/comments?post=219"}],"version-history":[{"count":0,"href":"https:\/\/www.ufsm.br\/pro-reitorias\/prpgp\/multiusuario\/wp-json\/wp\/v2\/posts\/219\/revisions"}],"wp:featuredmedia":[{"embeddable":true,"href":"https:\/\/www.ufsm.br\/pro-reitorias\/prpgp\/multiusuario\/wp-json\/wp\/v2\/media\/925"}],"wp:attachment":[{"href":"https:\/\/www.ufsm.br\/pro-reitorias\/prpgp\/multiusuario\/wp-json\/wp\/v2\/media?parent=219"}],"wp:term":[{"taxonomy":"category","embeddable":true,"href":"https:\/\/www.ufsm.br\/pro-reitorias\/prpgp\/multiusuario\/wp-json\/wp\/v2\/categories?post=219"},{"taxonomy":"post_tag","embeddable":true,"href":"https:\/\/www.ufsm.br\/pro-reitorias\/prpgp\/multiusuario\/wp-json\/wp\/v2\/tags?post=219"}],"curies":[{"name":"wp","href":"https:\/\/api.w.org\/{rel}","templated":true}]}}