{"id":239,"date":"2017-11-08T16:02:14","date_gmt":"2017-11-08T18:02:14","guid":{"rendered":"https:\/\/www.ufsm.br\/pro-reitorias\/prpgp\/multiusuario\/2017\/11\/08\/sistema-de-analise-da-compactacao-do-solo-consolidometro-7-placas-de-ceramica-para-1-bar-de-pressao\/"},"modified":"2021-12-22T12:23:05","modified_gmt":"2021-12-22T15:23:05","slug":"sistema-de-analise-da-compactacao-do-solo-consolidometro-7-placas-de-ceramica-para-1-bar-de-pressao","status":"publish","type":"post","link":"https:\/\/www.ufsm.br\/pro-reitorias\/prpgp\/multiusuario\/2017\/11\/08\/sistema-de-analise-da-compactacao-do-solo-consolidometro-7-placas-de-ceramica-para-1-bar-de-pressao","title":{"rendered":"Sistema de An\u00e1lise da Compacta\u00e7\u00e3o do Solo"},"content":{"rendered":"<p><strong><span style=\"font-size: 9pt;font-family: Arial, sans-serif\">Descri\u00e7\u00e3o do Equipamento:<\/span><\/strong><span style=\"font-size: 9pt;font-family: Arial, sans-serif\">\u00a0Sistema de An\u00e1lise da Compacta\u00e7\u00e3o do Solo (consolid\u00f4metro + 7 placas de cer\u00e2mica para 1 bar de press\u00e3o)<\/span><\/p>\n<p><strong><span style=\"font-size: 9pt;font-family: Arial, sans-serif\">N\u00famero Patrim\u00f4nio:<\/span><\/strong><span style=\"font-size: 9pt;font-family: Arial, sans-serif\">\u00a0219138<\/span><\/p>\n<p><strong><span style=\"font-size: 9pt;font-family: Arial, sans-serif\">Localiza\u00e7\u00e3o:\u00a0<\/span><\/strong><span style=\"font-size: 9pt;font-family: Arial, sans-serif\">Laborat\u00f3rio de F\u00edsica do Solo<\/span><\/p>\n<p><strong><span style=\"font-size: 9pt;font-family: Arial, sans-serif\">Respons\u00e1vel pelo equipamento:\u00a0<\/span><\/strong><span style=\"font-size: 9pt;font-family: Arial, sans-serif\">Vanderlei Rodrigues da Silva<\/span><\/p>\n<p><strong><span style=\"font-size: 9pt;font-family: Arial, sans-serif\">Contato para agendamento:\u00a0<\/span><\/strong><span style=\"font-size: 9pt;font-family: Arial, sans-serif\">Vanderlei Rodrigues da Silva<\/span><\/p>\n<p><strong><span style=\"font-size: 9pt;font-family: Arial, sans-serif\">Fone para agendamento:\u00a0<\/span><\/strong><span style=\"font-size: 9pt;font-family: Arial, sans-serif\">55-3744-0649<\/span><\/p>\n<p><strong><span style=\"font-size: 9pt;font-family: Arial, sans-serif\">E-mail para agendamento:\u00a0<a href=\"mailto:vanderlei@ufsm.br\">vanderlei@ufsm.br<\/a><a href=\"mailto:vanderlei@ufsm.br\">\u00a0<\/a><\/span><\/strong><\/p>\n<p><strong><span style=\"font-size: 9pt;font-family: Arial, sans-serif\">Fotos do Equipamento:<\/span><\/strong><\/p>\n<p><strong><span style=\"font-size: 9pt;font-family: Arial, sans-serif\"><img fetchpriority=\"high\" decoding=\"async\" class=\" size-full wp-image-237\" src=\"https:\/\/www.ufsm.br\/pro-reitorias\/prpgp\/multiusuario\/wp-content\/uploads\/sites\/775\/2017\/11\/images_equipamentos_CAPES_Placas.jpg\" alt=\"Placas\" width=\"300\" height=\"168\" \/><\/span><\/strong><\/p>\n<p><img decoding=\"async\" class=\" size-full wp-image-238\" src=\"https:\/\/www.ufsm.br\/pro-reitorias\/prpgp\/multiusuario\/wp-content\/uploads\/sites\/775\/2017\/11\/images_equipamentos_CAPES_Sistema_analise.jpg\" alt=\"Sistema analise\" width=\"300\" height=\"168\" \/><\/p>\n<p><strong><span style=\"font-size: 9pt;font-family: Arial, sans-serif\">\u00a0<\/span><\/strong><\/p>\n","protected":false},"excerpt":{"rendered":"<p>Descri\u00e7\u00e3o do Equipamento:\u00a0Sistema de An\u00e1lise da Compacta\u00e7\u00e3o do Solo (consolid\u00f4metro + 7 placas de cer\u00e2mica para 1 bar de press\u00e3o) N\u00famero Patrim\u00f4nio:\u00a0219138 Localiza\u00e7\u00e3o:\u00a0Laborat\u00f3rio de F\u00edsica do Solo Respons\u00e1vel pelo equipamento:\u00a0Vanderlei Rodrigues da Silva Contato para agendamento:\u00a0Vanderlei Rodrigues da Silva Fone para agendamento:\u00a055-3744-0649 E-mail para agendamento:\u00a0vanderlei@ufsm.br\u00a0 Fotos do Equipamento: \u00a0<\/p>\n","protected":false},"author":25,"featured_media":237,"comment_status":"closed","ping_status":"closed","sticky":false,"template":"","format":"standard","meta":{"footnotes":""},"categories":[19],"tags":[],"class_list":["post-239","post","type-post","status-publish","format-standard","has-post-thumbnail","hentry","category-pro-equipamentos-capes"],"acf":[],"_links":{"self":[{"href":"https:\/\/www.ufsm.br\/pro-reitorias\/prpgp\/multiusuario\/wp-json\/wp\/v2\/posts\/239","targetHints":{"allow":["GET"]}}],"collection":[{"href":"https:\/\/www.ufsm.br\/pro-reitorias\/prpgp\/multiusuario\/wp-json\/wp\/v2\/posts"}],"about":[{"href":"https:\/\/www.ufsm.br\/pro-reitorias\/prpgp\/multiusuario\/wp-json\/wp\/v2\/types\/post"}],"author":[{"embeddable":true,"href":"https:\/\/www.ufsm.br\/pro-reitorias\/prpgp\/multiusuario\/wp-json\/wp\/v2\/users\/25"}],"replies":[{"embeddable":true,"href":"https:\/\/www.ufsm.br\/pro-reitorias\/prpgp\/multiusuario\/wp-json\/wp\/v2\/comments?post=239"}],"version-history":[{"count":0,"href":"https:\/\/www.ufsm.br\/pro-reitorias\/prpgp\/multiusuario\/wp-json\/wp\/v2\/posts\/239\/revisions"}],"wp:featuredmedia":[{"embeddable":true,"href":"https:\/\/www.ufsm.br\/pro-reitorias\/prpgp\/multiusuario\/wp-json\/wp\/v2\/media\/237"}],"wp:attachment":[{"href":"https:\/\/www.ufsm.br\/pro-reitorias\/prpgp\/multiusuario\/wp-json\/wp\/v2\/media?parent=239"}],"wp:term":[{"taxonomy":"category","embeddable":true,"href":"https:\/\/www.ufsm.br\/pro-reitorias\/prpgp\/multiusuario\/wp-json\/wp\/v2\/categories?post=239"},{"taxonomy":"post_tag","embeddable":true,"href":"https:\/\/www.ufsm.br\/pro-reitorias\/prpgp\/multiusuario\/wp-json\/wp\/v2\/tags?post=239"}],"curies":[{"name":"wp","href":"https:\/\/api.w.org\/{rel}","templated":true}]}}