{"id":241,"date":"2017-11-08T16:04:48","date_gmt":"2017-11-08T18:04:48","guid":{"rendered":"https:\/\/www.ufsm.br\/pro-reitorias\/prpgp\/multiusuario\/2017\/11\/08\/estacao-meteorologica-datalogger-u30-nrc\/"},"modified":"2017-11-08T16:04:48","modified_gmt":"2017-11-08T18:04:48","slug":"estacao-meteorologica-datalogger-u30-nrc","status":"publish","type":"post","link":"https:\/\/www.ufsm.br\/pro-reitorias\/prpgp\/multiusuario\/2017\/11\/08\/estacao-meteorologica-datalogger-u30-nrc","title":{"rendered":"Esta\u00e7\u00e3o Meteorol\u00f3gica: datalogger U30-NRC"},"content":{"rendered":"<p><strong><span style=\"font-size: 9pt; font-family: Arial, sans-serif;\">Descri\u00e7\u00e3o do Equipamento:<\/span><\/strong><span style=\"font-size: 9pt; font-family: Arial, sans-serif;\">&nbsp;&nbsp;Esta\u00e7\u00e3o Meteorol\u00f3gica: datalogger U30-NRC com tr\u00eas sensores de radia\u00e7\u00e3o solar (S-LIB-M003); tr\u00eas sensores de fotoss\u00edntese (PAR) (S-LIA-M003); quatro sensores de temperatura e umidade do ar (S-THB-M002); sensor de dire\u00e7\u00e3o e velocidade do vento<\/span><\/p>\n<p><strong><span style=\"font-size: 9pt; font-family: Arial, sans-serif;\">N\u00famero Patrim\u00f4nio:<\/span><\/strong><span style=\"font-size: 9pt; font-family: Arial, sans-serif;\">&nbsp;219137<\/span><\/p>\n<p><strong><span style=\"font-size: 9pt; font-family: Arial, sans-serif;\">Localiza\u00e7\u00e3o:&nbsp;<\/span><\/strong><span style=\"font-size: 9pt; font-family: Arial, sans-serif;\">Laborat\u00f3rio de Agroclimatologia<\/span><\/p>\n<p><strong><span style=\"font-size: 9pt; font-family: Arial, sans-serif;\">Respons\u00e1vel pelo equipamento:&nbsp;<\/span><\/strong><span style=\"font-size: 9pt; font-family: Arial, sans-serif;\">Braulio Otamar Caron<\/span><\/p>\n<p><strong><span style=\"font-size: 9pt; font-family: Arial, sans-serif;\">Contato para agendamento:&nbsp;<\/span><\/strong><span style=\"font-size: 9pt; font-family: Arial, sans-serif;\">Braulio Otamar Caron<\/span><\/p>\n<p><strong><span style=\"font-size: 9pt; font-family: Arial, sans-serif;\">Fone para agendamento:&nbsp;<\/span><\/strong><span style=\"font-size: 9pt; font-family: Arial, sans-serif;\">55-3744-0637<\/span><\/p>\n<p><strong><span style=\"font-size: 9pt; font-family: Arial, sans-serif;\">E-mail para agendamento:&nbsp;<a href=\"mailto:otomarcaron@yahoo.com.br\">otomarcaron@yahoo.com.br<\/a><a href=\"mailto:otomarcaron@yahoo.com.br\">&nbsp;<\/a><\/span><\/strong><\/p>\n<p><strong><span style=\"font-size: 9pt; font-family: Arial, sans-serif;\">Foto do Equipamento:<br \/><img fetchpriority=\"high\" decoding=\"async\" class=\" size-full wp-image-240\" src=\"https:\/\/www.ufsm.br\/pro-reitorias\/prpgp\/multiusuario\/wp-content\/uploads\/sites\/775\/2017\/11\/images_equipamentos_CAPES_Estacao-Metereologica.jpg\" alt=\"Estacao Metereologica\" width=\"300\" height=\"503\" srcset=\"https:\/\/www.ufsm.br\/app\/uploads\/sites\/775\/2017\/11\/images_equipamentos_CAPES_Estacao-Metereologica.jpg 300w, https:\/\/www.ufsm.br\/app\/uploads\/sites\/775\/2017\/11\/images_equipamentos_CAPES_Estacao-Metereologica-179x300.jpg 179w\" sizes=\"(max-width: 300px) 100vw, 300px\" \/><br \/><\/span><\/strong><\/p>\n","protected":false},"excerpt":{"rendered":"<p>Descri\u00e7\u00e3o do Equipamento:&nbsp;&nbsp;Esta\u00e7\u00e3o Meteorol\u00f3gica: datalogger U30-NRC com tr\u00eas sensores de radia\u00e7\u00e3o solar (S-LIB-M003); tr\u00eas sensores de fotoss\u00edntese (PAR) (S-LIA-M003); quatro sensores de temperatura e umidade do ar (S-THB-M002); sensor de dire\u00e7\u00e3o e velocidade do vento N\u00famero Patrim\u00f4nio:&nbsp;219137 Localiza\u00e7\u00e3o:&nbsp;Laborat\u00f3rio de Agroclimatologia Respons\u00e1vel pelo equipamento:&nbsp;Braulio Otamar Caron Contato para agendamento:&nbsp;Braulio Otamar Caron Fone para agendamento:&nbsp;55-3744-0637 E-mail para [&hellip;]<\/p>\n","protected":false},"author":25,"featured_media":240,"comment_status":"closed","ping_status":"closed","sticky":false,"template":"","format":"standard","meta":{"footnotes":""},"categories":[19],"tags":[],"class_list":["post-241","post","type-post","status-publish","format-standard","has-post-thumbnail","hentry","category-pro-equipamentos-capes"],"acf":[],"_links":{"self":[{"href":"https:\/\/www.ufsm.br\/pro-reitorias\/prpgp\/multiusuario\/wp-json\/wp\/v2\/posts\/241","targetHints":{"allow":["GET"]}}],"collection":[{"href":"https:\/\/www.ufsm.br\/pro-reitorias\/prpgp\/multiusuario\/wp-json\/wp\/v2\/posts"}],"about":[{"href":"https:\/\/www.ufsm.br\/pro-reitorias\/prpgp\/multiusuario\/wp-json\/wp\/v2\/types\/post"}],"author":[{"embeddable":true,"href":"https:\/\/www.ufsm.br\/pro-reitorias\/prpgp\/multiusuario\/wp-json\/wp\/v2\/users\/25"}],"replies":[{"embeddable":true,"href":"https:\/\/www.ufsm.br\/pro-reitorias\/prpgp\/multiusuario\/wp-json\/wp\/v2\/comments?post=241"}],"version-history":[{"count":0,"href":"https:\/\/www.ufsm.br\/pro-reitorias\/prpgp\/multiusuario\/wp-json\/wp\/v2\/posts\/241\/revisions"}],"wp:featuredmedia":[{"embeddable":true,"href":"https:\/\/www.ufsm.br\/pro-reitorias\/prpgp\/multiusuario\/wp-json\/wp\/v2\/media\/240"}],"wp:attachment":[{"href":"https:\/\/www.ufsm.br\/pro-reitorias\/prpgp\/multiusuario\/wp-json\/wp\/v2\/media?parent=241"}],"wp:term":[{"taxonomy":"category","embeddable":true,"href":"https:\/\/www.ufsm.br\/pro-reitorias\/prpgp\/multiusuario\/wp-json\/wp\/v2\/categories?post=241"},{"taxonomy":"post_tag","embeddable":true,"href":"https:\/\/www.ufsm.br\/pro-reitorias\/prpgp\/multiusuario\/wp-json\/wp\/v2\/tags?post=241"}],"curies":[{"name":"wp","href":"https:\/\/api.w.org\/{rel}","templated":true}]}}