{"id":255,"date":"2017-11-08T16:18:28","date_gmt":"2017-11-08T18:18:28","guid":{"rendered":"https:\/\/www.ufsm.br\/pro-reitorias\/prpgp\/multiusuario\/2017\/11\/08\/studio-still-master-fotografia-digital-kit\/"},"modified":"2017-11-08T16:18:28","modified_gmt":"2017-11-08T18:18:28","slug":"studio-still-master-fotografia-digital-kit","status":"publish","type":"post","link":"https:\/\/www.ufsm.br\/pro-reitorias\/prpgp\/multiusuario\/2017\/11\/08\/studio-still-master-fotografia-digital-kit","title":{"rendered":"Studio Still M\u00e1ster fotografia digital (KIT)"},"content":{"rendered":"<p style=\"font-size: 12.16px;\"><strong><span style=\"font-size: 9pt; font-family: Arial, sans-serif;\">Descri\u00e7\u00e3o do Equipamento:<\/span><\/strong><span style=\"font-size: 9pt; font-family: Arial, sans-serif;\">&nbsp;Studio Still M\u00e1ster fotografia digital (KIT); Luz Principal: 1 Flash Mako 3003; 1 Girafa Black River M\u00e1ster: 1 Softbox 90 x 120cm sem recuo; 1 Refletor WA G3; 1 Adaptador para Softbox: Luz de Enchimento 1; 1 Flash Mako 2002; 1 Trip\u00e9 Mini; 1 Refletor Colm\u00e9ia G3; 1 Colm\u00e9ia 180 mm: Luz de Enchimento 2; 1 Flash Mako 2002: 1 Trip\u00e9 Mini: 1 Refletor WA G3; 1 Softbox 40 x 55 CM com recuo; Acess\u00f3rios; 1 Light Shed 75; 1 Cabo de sincronismo PC-M\/P2-M (\u00d83,5 mm); 3 Cabos Bipolar de liga\u00e7\u00e3o \u00e0 rede<\/span><\/p>\n<p style=\"font-size: 12.16px;\"><strong><span style=\"font-size: 9pt; font-family: Arial, sans-serif;\">N\u00famero Patrim\u00f4nio:<\/span><\/strong><span style=\"font-size: 9pt; font-family: Arial, sans-serif;\">&nbsp;184934<\/span><\/p>\n<p style=\"font-size: 12.16px;\"><span style=\"font-size: 9pt; font-family: Arial, sans-serif;\">&nbsp;<\/span><strong><span style=\"font-size: 9pt; font-family: Arial, sans-serif;\">Localiza\u00e7\u00e3o:&nbsp;<\/span><\/strong><span style=\"font-size: 9pt; font-family: Arial, sans-serif;\">Pr\u00e9dio 40, Sala 1324<\/span><\/p>\n<p style=\"font-size: 12.16px;\"><strong><span style=\"font-size: 9pt; font-family: Arial, sans-serif;\">Respons\u00e1vel pelo equipamento:&nbsp;<\/span><\/strong><span style=\"font-size: 9pt; font-family: Arial, sans-serif;\">Andr\u00e9ia Machado Oliveira<\/span><\/p>\n<p style=\"font-size: 12.16px;\"><strong><span style=\"font-size: 9pt; font-family: Arial, sans-serif;\">Contato para agendamento:&nbsp;<\/span><\/strong><span style=\"font-size: 9pt; font-family: Arial, sans-serif;\">Andr\u00e9ia Machado Oliveira<\/span><\/p>\n<p style=\"font-size: 12.16px;\"><strong><span style=\"font-size: 9pt; font-family: Arial, sans-serif;\">Fone para agendamento: <\/span><\/strong><span style=\"font-size: 9pt; font-family: Arial, sans-serif;\">3220-9484<\/span><\/p>\n<p style=\"font-size: 12.16px;\"><strong><span style=\"font-size: 9pt; font-family: Arial, sans-serif;\">E-mail para agendamento:&nbsp;<a href=\"mailto:andreiaoliveira.br@gmail.com\">&nbsp;<\/a><a href=\"mailto:andreiaoliveira.br@gmail.com\">&nbsp;<\/a><a href=\"mailto:andreiaoliveira.br@gmail.com\">&nbsp;<\/a><a href=\"mailto:andreiaoliveira.br@gmail.com\">andreiaoliveira.br@gmail.com<\/a><a href=\"mailto:andreiaoliveira.br@gmail.com\">&nbsp;<\/a><\/span><\/strong><\/p>\n<p style=\"font-size: 12.16px;\"><strong><span style=\"font-size: 9pt; font-family: Arial, sans-serif;\">Foto do Equipamento:<\/span><\/strong><\/p>\n<p style=\"font-size: 12.16px;\"><strong><span style=\"font-size: 9pt; font-family: Arial, sans-serif;\"><img fetchpriority=\"high\" decoding=\"async\" class=\" size-full wp-image-254\" src=\"https:\/\/www.ufsm.br\/pro-reitorias\/prpgp\/multiusuario\/wp-content\/uploads\/sites\/775\/2017\/11\/images_equipamentos_CAPES_Studio-Still-Mster-fotografia-digital.jpg\" alt=\"Studio Still Mster fotografia digital\" width=\"300\" height=\"400\" srcset=\"https:\/\/www.ufsm.br\/app\/uploads\/sites\/775\/2017\/11\/images_equipamentos_CAPES_Studio-Still-Mster-fotografia-digital.jpg 300w, https:\/\/www.ufsm.br\/app\/uploads\/sites\/775\/2017\/11\/images_equipamentos_CAPES_Studio-Still-Mster-fotografia-digital-225x300.jpg 225w\" sizes=\"(max-width: 300px) 100vw, 300px\" \/><\/span><\/strong><\/p>\n","protected":false},"excerpt":{"rendered":"<p>Descri\u00e7\u00e3o do Equipamento:&nbsp;Studio Still M\u00e1ster fotografia digital (KIT); Luz Principal: 1 Flash Mako 3003; 1 Girafa Black River M\u00e1ster: 1 Softbox 90 x 120cm sem recuo; 1 Refletor WA G3; 1 Adaptador para Softbox: Luz de Enchimento 1; 1 Flash Mako 2002; 1 Trip\u00e9 Mini; 1 Refletor Colm\u00e9ia G3; 1 Colm\u00e9ia 180 mm: Luz de [&hellip;]<\/p>\n","protected":false},"author":25,"featured_media":254,"comment_status":"closed","ping_status":"closed","sticky":false,"template":"","format":"standard","meta":{"footnotes":""},"categories":[19],"tags":[],"class_list":["post-255","post","type-post","status-publish","format-standard","has-post-thumbnail","hentry","category-pro-equipamentos-capes"],"acf":[],"_links":{"self":[{"href":"https:\/\/www.ufsm.br\/pro-reitorias\/prpgp\/multiusuario\/wp-json\/wp\/v2\/posts\/255","targetHints":{"allow":["GET"]}}],"collection":[{"href":"https:\/\/www.ufsm.br\/pro-reitorias\/prpgp\/multiusuario\/wp-json\/wp\/v2\/posts"}],"about":[{"href":"https:\/\/www.ufsm.br\/pro-reitorias\/prpgp\/multiusuario\/wp-json\/wp\/v2\/types\/post"}],"author":[{"embeddable":true,"href":"https:\/\/www.ufsm.br\/pro-reitorias\/prpgp\/multiusuario\/wp-json\/wp\/v2\/users\/25"}],"replies":[{"embeddable":true,"href":"https:\/\/www.ufsm.br\/pro-reitorias\/prpgp\/multiusuario\/wp-json\/wp\/v2\/comments?post=255"}],"version-history":[{"count":0,"href":"https:\/\/www.ufsm.br\/pro-reitorias\/prpgp\/multiusuario\/wp-json\/wp\/v2\/posts\/255\/revisions"}],"wp:featuredmedia":[{"embeddable":true,"href":"https:\/\/www.ufsm.br\/pro-reitorias\/prpgp\/multiusuario\/wp-json\/wp\/v2\/media\/254"}],"wp:attachment":[{"href":"https:\/\/www.ufsm.br\/pro-reitorias\/prpgp\/multiusuario\/wp-json\/wp\/v2\/media?parent=255"}],"wp:term":[{"taxonomy":"category","embeddable":true,"href":"https:\/\/www.ufsm.br\/pro-reitorias\/prpgp\/multiusuario\/wp-json\/wp\/v2\/categories?post=255"},{"taxonomy":"post_tag","embeddable":true,"href":"https:\/\/www.ufsm.br\/pro-reitorias\/prpgp\/multiusuario\/wp-json\/wp\/v2\/tags?post=255"}],"curies":[{"name":"wp","href":"https:\/\/api.w.org\/{rel}","templated":true}]}}