{"id":266,"date":"2017-11-08T16:26:48","date_gmt":"2017-11-08T18:26:48","guid":{"rendered":"https:\/\/www.ufsm.br\/pro-reitorias\/prpgp\/multiusuario\/2017\/11\/08\/receptor-antena-e-transmissores-para-radiotelemetria\/"},"modified":"2017-11-08T16:26:48","modified_gmt":"2017-11-08T18:26:48","slug":"receptor-antena-e-transmissores-para-radiotelemetria","status":"publish","type":"post","link":"https:\/\/www.ufsm.br\/pro-reitorias\/prpgp\/multiusuario\/2017\/11\/08\/receptor-antena-e-transmissores-para-radiotelemetria","title":{"rendered":"Receptor + Antena e Transmissores para Radiotelemetria"},"content":{"rendered":"<p style=\"font-size: 12.16px;\"><strong><span style=\"font-size: 9pt; font-family: Arial, sans-serif;\">Descri\u00e7\u00e3o do Equipamento:<\/span><\/strong><span style=\"font-size: 9pt; font-family: Arial, sans-serif;\">&nbsp;Receptor + Antena e Transmissores para Radiotelemetria<\/span><\/p>\n<p style=\"font-size: 12.16px;\"><strong><span style=\"font-size: 9pt; font-family: Arial, sans-serif;\">N\u00famero Patrim\u00f4nio:<\/span><\/strong><span style=\"font-size: 9pt; font-family: Arial, sans-serif;\">&nbsp;202333<\/span><\/p>\n<p style=\"font-size: 12.16px;\"><strong><span style=\"font-size: 9pt; font-family: Arial, sans-serif;\">Localiza\u00e7\u00e3o:&nbsp;<\/span><\/strong><span style=\"font-size: 9pt; font-family: Arial, sans-serif;\">Pr\u00e9dio 17, Sala 1008<\/span><\/p>\n<p style=\"font-size: 12.16px;\"><strong><span style=\"font-size: 9pt; font-family: Arial, sans-serif;\">Respons\u00e1vel pelo equipamento:&nbsp;<\/span><\/strong><span style=\"font-size: 9pt; font-family: Arial, sans-serif;\">Sonia Zanini Cechin<\/span><\/p>\n<p style=\"font-size: 12.16px;\"><strong><span style=\"font-size: 9pt; font-family: Arial, sans-serif;\">Contato para agendamento:&nbsp;<\/span><\/strong><span style=\"font-size: 9pt; font-family: Arial, sans-serif;\">Sonia Zanini Cechin<\/span><\/p>\n<p style=\"font-size: 12.16px;\"><strong><span style=\"font-size: 9pt; font-family: Arial, sans-serif;\">Fone para agendamento: <\/span><\/strong><span style=\"font-size: 9pt; font-family: Arial, sans-serif;\">3220-8465 subramal 29<\/span><\/p>\n<p style=\"font-size: 12.16px;\"><strong><span style=\"font-size: 9pt; font-family: Arial, sans-serif;\">E-mail para agendamento:<a href=\"mailto:soniacechin@gmail.com\">&nbsp;<\/a><a href=\"mailto:soniacechin@gmail.com\">&nbsp;<\/a><a href=\"mailto:soniacechin@gmail.com\">soniacechin@gmail.com<\/a><a href=\"mailto:soniacechin@gmail.com\">&nbsp;<\/a><\/span><\/strong><\/p>\n<p style=\"font-size: 12.16px;\"><strong><span style=\"font-size: 9pt; font-family: Arial, sans-serif;\">Foto do Equipamento:<\/span><\/strong><\/p>\n<p style=\"font-size: 12.16px;\"><strong><span style=\"font-size: 9pt; font-family: Arial, sans-serif;\"><img fetchpriority=\"high\" decoding=\"async\" class=\" size-full wp-image-265\" src=\"https:\/\/www.ufsm.br\/pro-reitorias\/prpgp\/multiusuario\/wp-content\/uploads\/sites\/775\/2017\/11\/images_equipamentos_CAPES_Receptor-e-Antena-e-Transmissores.jpg\" alt=\"Receptor e  Antena e Transmissores\" width=\"300\" height=\"225\" \/><\/span><\/strong><\/p>\n","protected":false},"excerpt":{"rendered":"<p>Descri\u00e7\u00e3o do Equipamento:&nbsp;Receptor + Antena e Transmissores para Radiotelemetria N\u00famero Patrim\u00f4nio:&nbsp;202333 Localiza\u00e7\u00e3o:&nbsp;Pr\u00e9dio 17, Sala 1008 Respons\u00e1vel pelo equipamento:&nbsp;Sonia Zanini Cechin Contato para agendamento:&nbsp;Sonia Zanini Cechin Fone para agendamento: 3220-8465 subramal 29 E-mail para agendamento:&nbsp;&nbsp;soniacechin@gmail.com&nbsp; Foto do Equipamento:<\/p>\n","protected":false},"author":25,"featured_media":265,"comment_status":"closed","ping_status":"closed","sticky":false,"template":"","format":"standard","meta":{"footnotes":""},"categories":[19],"tags":[],"class_list":["post-266","post","type-post","status-publish","format-standard","has-post-thumbnail","hentry","category-pro-equipamentos-capes"],"acf":[],"_links":{"self":[{"href":"https:\/\/www.ufsm.br\/pro-reitorias\/prpgp\/multiusuario\/wp-json\/wp\/v2\/posts\/266","targetHints":{"allow":["GET"]}}],"collection":[{"href":"https:\/\/www.ufsm.br\/pro-reitorias\/prpgp\/multiusuario\/wp-json\/wp\/v2\/posts"}],"about":[{"href":"https:\/\/www.ufsm.br\/pro-reitorias\/prpgp\/multiusuario\/wp-json\/wp\/v2\/types\/post"}],"author":[{"embeddable":true,"href":"https:\/\/www.ufsm.br\/pro-reitorias\/prpgp\/multiusuario\/wp-json\/wp\/v2\/users\/25"}],"replies":[{"embeddable":true,"href":"https:\/\/www.ufsm.br\/pro-reitorias\/prpgp\/multiusuario\/wp-json\/wp\/v2\/comments?post=266"}],"version-history":[{"count":0,"href":"https:\/\/www.ufsm.br\/pro-reitorias\/prpgp\/multiusuario\/wp-json\/wp\/v2\/posts\/266\/revisions"}],"wp:featuredmedia":[{"embeddable":true,"href":"https:\/\/www.ufsm.br\/pro-reitorias\/prpgp\/multiusuario\/wp-json\/wp\/v2\/media\/265"}],"wp:attachment":[{"href":"https:\/\/www.ufsm.br\/pro-reitorias\/prpgp\/multiusuario\/wp-json\/wp\/v2\/media?parent=266"}],"wp:term":[{"taxonomy":"category","embeddable":true,"href":"https:\/\/www.ufsm.br\/pro-reitorias\/prpgp\/multiusuario\/wp-json\/wp\/v2\/categories?post=266"},{"taxonomy":"post_tag","embeddable":true,"href":"https:\/\/www.ufsm.br\/pro-reitorias\/prpgp\/multiusuario\/wp-json\/wp\/v2\/tags?post=266"}],"curies":[{"name":"wp","href":"https:\/\/api.w.org\/{rel}","templated":true}]}}