{"id":277,"date":"2017-11-08T16:34:19","date_gmt":"2017-11-08T18:34:19","guid":{"rendered":"https:\/\/www.ufsm.br\/pro-reitorias\/prpgp\/multiusuario\/2017\/11\/08\/termociclador-mastercyler-nexus-gradiente\/"},"modified":"2017-11-08T16:34:19","modified_gmt":"2017-11-08T18:34:19","slug":"termociclador-mastercyler-nexus-gradiente","status":"publish","type":"post","link":"https:\/\/www.ufsm.br\/pro-reitorias\/prpgp\/multiusuario\/2017\/11\/08\/termociclador-mastercyler-nexus-gradiente","title":{"rendered":"Termociclador Mastercyler- Nexus Gradiente"},"content":{"rendered":"<p><strong><span style=\"font-size: 9pt; font-family: Arial, sans-serif;\">Descri\u00e7\u00e3o do Equipamento:<\/span><\/strong><span style=\"font-size: 9pt; font-family: Arial, sans-serif;\">&nbsp;Termociclador Mastercyler- Nexus Gradiente<\/span><\/p>\n<p><strong><span style=\"font-size: 9pt; font-family: Arial, sans-serif;\">N\u00famero Patrim\u00f4nio:<\/span><\/strong><span style=\"font-size: 9pt; font-family: Arial, sans-serif;\">&nbsp;229416<\/span><\/p>\n<p><strong><span style=\"font-size: 9pt; font-family: Arial, sans-serif;\">Localiza\u00e7\u00e3o:&nbsp;<\/span><\/strong><span style=\"font-size: 9pt; font-family: Arial, sans-serif;\">Pr\u00e9dio 17, Sala 1140H<\/span><\/p>\n<p><strong><span style=\"font-size: 9pt; font-family: Arial, sans-serif;\">Respons\u00e1vel pelo equipamento:&nbsp;<\/span><\/strong><span style=\"font-size: 9pt; font-family: Arial, sans-serif;\">Marlise L. B. Santos<\/span><\/p>\n<p><strong><span style=\"font-size: 9pt; font-family: Arial, sans-serif;\">Contato para agendamento:&nbsp;<\/span><\/strong><span style=\"font-size: 9pt; font-family: Arial, sans-serif;\">Marlise L. B. Santos<\/span><\/p>\n<p><strong><span style=\"font-size: 9pt; font-family: Arial, sans-serif;\">Fone para agendamento: <\/span><\/strong><span style=\"font-size: 9pt; font-family: Arial, sans-serif;\">3220-8465 subramal 24<\/span><\/p>\n<p><strong><span style=\"font-size: 9pt; font-family: Arial, sans-serif;\">E-mail para agendamento:&nbsp;<a href=\"mailto:marliselbs@gmail.com\">marliselbs@gmail.com<\/a><a href=\"mailto:marliselbs@gmail.com\">&nbsp;<\/a><\/span><\/strong><\/p>\n<p><strong><span style=\"font-size: 9pt; font-family: Arial, sans-serif;\"><strong style=\"font-size: 12.16px;\"><span style=\"font-size: 9pt; font-family: Arial, sans-serif;\">Foto do Equipamento:<\/span><\/strong><\/span><\/strong><\/p>\n<p>&nbsp;<\/p>\n<p><img fetchpriority=\"high\" decoding=\"async\" class=\" size-full wp-image-276\" src=\"https:\/\/www.ufsm.br\/pro-reitorias\/prpgp\/multiusuario\/wp-content\/uploads\/sites\/775\/2017\/11\/images_equipamentos_CAPES_Termociclador-Mastercyler.jpg\" alt=\"Termociclador Mastercyler\" width=\"300\" height=\"400\" srcset=\"https:\/\/www.ufsm.br\/app\/uploads\/sites\/775\/2017\/11\/images_equipamentos_CAPES_Termociclador-Mastercyler.jpg 300w, https:\/\/www.ufsm.br\/app\/uploads\/sites\/775\/2017\/11\/images_equipamentos_CAPES_Termociclador-Mastercyler-225x300.jpg 225w\" sizes=\"(max-width: 300px) 100vw, 300px\" \/><\/p>\n","protected":false},"excerpt":{"rendered":"<p>Descri\u00e7\u00e3o do Equipamento:&nbsp;Termociclador Mastercyler- Nexus Gradiente N\u00famero Patrim\u00f4nio:&nbsp;229416 Localiza\u00e7\u00e3o:&nbsp;Pr\u00e9dio 17, Sala 1140H Respons\u00e1vel pelo equipamento:&nbsp;Marlise L. B. Santos Contato para agendamento:&nbsp;Marlise L. B. Santos Fone para agendamento: 3220-8465 subramal 24 E-mail para agendamento:&nbsp;marliselbs@gmail.com&nbsp; Foto do Equipamento: &nbsp;<\/p>\n","protected":false},"author":25,"featured_media":276,"comment_status":"closed","ping_status":"closed","sticky":false,"template":"","format":"standard","meta":{"footnotes":""},"categories":[19],"tags":[],"class_list":["post-277","post","type-post","status-publish","format-standard","has-post-thumbnail","hentry","category-pro-equipamentos-capes"],"acf":[],"_links":{"self":[{"href":"https:\/\/www.ufsm.br\/pro-reitorias\/prpgp\/multiusuario\/wp-json\/wp\/v2\/posts\/277","targetHints":{"allow":["GET"]}}],"collection":[{"href":"https:\/\/www.ufsm.br\/pro-reitorias\/prpgp\/multiusuario\/wp-json\/wp\/v2\/posts"}],"about":[{"href":"https:\/\/www.ufsm.br\/pro-reitorias\/prpgp\/multiusuario\/wp-json\/wp\/v2\/types\/post"}],"author":[{"embeddable":true,"href":"https:\/\/www.ufsm.br\/pro-reitorias\/prpgp\/multiusuario\/wp-json\/wp\/v2\/users\/25"}],"replies":[{"embeddable":true,"href":"https:\/\/www.ufsm.br\/pro-reitorias\/prpgp\/multiusuario\/wp-json\/wp\/v2\/comments?post=277"}],"version-history":[{"count":0,"href":"https:\/\/www.ufsm.br\/pro-reitorias\/prpgp\/multiusuario\/wp-json\/wp\/v2\/posts\/277\/revisions"}],"wp:featuredmedia":[{"embeddable":true,"href":"https:\/\/www.ufsm.br\/pro-reitorias\/prpgp\/multiusuario\/wp-json\/wp\/v2\/media\/276"}],"wp:attachment":[{"href":"https:\/\/www.ufsm.br\/pro-reitorias\/prpgp\/multiusuario\/wp-json\/wp\/v2\/media?parent=277"}],"wp:term":[{"taxonomy":"category","embeddable":true,"href":"https:\/\/www.ufsm.br\/pro-reitorias\/prpgp\/multiusuario\/wp-json\/wp\/v2\/categories?post=277"},{"taxonomy":"post_tag","embeddable":true,"href":"https:\/\/www.ufsm.br\/pro-reitorias\/prpgp\/multiusuario\/wp-json\/wp\/v2\/tags?post=277"}],"curies":[{"name":"wp","href":"https:\/\/api.w.org\/{rel}","templated":true}]}}