{"id":285,"date":"2017-11-08T16:40:38","date_gmt":"2017-11-08T18:40:38","guid":{"rendered":"https:\/\/www.ufsm.br\/pro-reitorias\/prpgp\/multiusuario\/2017\/11\/08\/micro-espectrofotometro-de-espectro-completo-projetado-para-medicoes-de-acidos-nucleicos-e-proteinas\/"},"modified":"2021-12-22T11:11:08","modified_gmt":"2021-12-22T14:11:08","slug":"micro-espectrofotometro-de-espectro-completo-projetado-para-medicoes-de-acidos-nucleicos-e-proteinas","status":"publish","type":"post","link":"https:\/\/www.ufsm.br\/pro-reitorias\/prpgp\/multiusuario\/2017\/11\/08\/micro-espectrofotometro-de-espectro-completo-projetado-para-medicoes-de-acidos-nucleicos-e-proteinas","title":{"rendered":"Micro-espectrofot\u00f4metro de espectro completo"},"content":{"rendered":"<p style=\"font-size: 12.16px\"><strong><span style=\"font-size: 9pt;font-family: Arial, sans-serif\">Descri\u00e7\u00e3o do Equipamento:<\/span><\/strong><span style=\"font-size: 9pt;font-family: Arial, sans-serif\">\u00a0Micro-espectrofot\u00f4metro de espectro completo projetado para medi\u00e7\u00f5es de \u00e1cidos nucleicos e prote\u00ednas<\/span><\/p>\n<p style=\"font-size: 12.16px\"><strong><span style=\"font-size: 9pt;font-family: Arial, sans-serif\">N\u00famero Patrim\u00f4nio:<\/span><\/strong><span style=\"font-size: 9pt;font-family: Arial, sans-serif\">\u00a0236682<\/span><\/p>\n<p style=\"font-size: 12.16px\"><strong><span style=\"font-size: 9pt;font-family: Arial, sans-serif\">Localiza\u00e7\u00e3o:\u00a0<\/span><\/strong><span style=\"font-size: 9pt;font-family: Arial, sans-serif\">Pr\u00e9dio 17, Sala 1140E<\/span><\/p>\n<p style=\"font-size: 12.16px\"><strong><span style=\"font-size: 9pt;font-family: Arial, sans-serif\">Respons\u00e1vel pelo equipamento:\u00a0<\/span><\/strong><span style=\"font-size: 9pt;font-family: Arial, sans-serif\">Marlise L. B. Santos<\/span><\/p>\n<p style=\"font-size: 12.16px\"><strong><span style=\"font-size: 9pt;font-family: Arial, sans-serif\">Contato para agendamento:\u00a0<\/span><\/strong><span style=\"font-size: 9pt;font-family: Arial, sans-serif\">Marlise L. B. Santos<\/span><\/p>\n<p style=\"font-size: 12.16px\"><strong><span style=\"font-size: 9pt;font-family: Arial, sans-serif\">Fone para agendamento: <\/span><\/strong><span style=\"font-size: 9pt;font-family: Arial, sans-serif\">3220-8465 subramal 24<\/span><\/p>\n<p style=\"font-size: 12.16px\"><strong><span style=\"font-size: 9pt;font-family: Arial, sans-serif\">E-mail para agendamento:\u00a0<a href=\"mailto:marliselbs@gmail.com\">\u00a0<\/a><a href=\"mailto:marliselbs@gmail.com\">marliselbs@gmail.com<\/a><a href=\"mailto:marliselbs@gmail.com\">\u00a0<\/a><\/span><\/strong><\/p>\n<p style=\"font-size: 12.16px\"><strong><span style=\"font-size: 9pt;font-family: Arial, sans-serif\">Foto do Equipamento:<\/span><\/strong><\/p>\n<p style=\"font-size: 12.16px\"><strong><span style=\"font-size: 9pt;font-family: Arial, sans-serif\"><img fetchpriority=\"high\" decoding=\"async\" class=\" size-full wp-image-284\" src=\"https:\/\/www.ufsm.br\/pro-reitorias\/prpgp\/multiusuario\/wp-content\/uploads\/sites\/775\/2017\/11\/images_equipamentos_CAPES_Micro-Espectrofotometro.jpg\" alt=\"Micro Espectrofotometro\" width=\"300\" height=\"400\" srcset=\"https:\/\/www.ufsm.br\/app\/uploads\/sites\/775\/2017\/11\/images_equipamentos_CAPES_Micro-Espectrofotometro.jpg 300w, https:\/\/www.ufsm.br\/app\/uploads\/sites\/775\/2017\/11\/images_equipamentos_CAPES_Micro-Espectrofotometro-225x300.jpg 225w\" sizes=\"(max-width: 300px) 100vw, 300px\" \/><\/span><\/strong><\/p>\n<p style=\"font-size: 12.16px\"><strong><span style=\"font-size: 9pt;font-family: Arial, sans-serif\">\u00a0<\/span><\/strong><\/p>\n","protected":false},"excerpt":{"rendered":"<p>Descri\u00e7\u00e3o do Equipamento:\u00a0Micro-espectrofot\u00f4metro de espectro completo projetado para medi\u00e7\u00f5es de \u00e1cidos nucleicos e prote\u00ednas N\u00famero Patrim\u00f4nio:\u00a0236682 Localiza\u00e7\u00e3o:\u00a0Pr\u00e9dio 17, Sala 1140E Respons\u00e1vel pelo equipamento:\u00a0Marlise L. B. Santos Contato para agendamento:\u00a0Marlise L. B. Santos Fone para agendamento: 3220-8465 subramal 24 E-mail para agendamento:\u00a0\u00a0marliselbs@gmail.com\u00a0 Foto do Equipamento: \u00a0<\/p>\n","protected":false},"author":25,"featured_media":284,"comment_status":"closed","ping_status":"closed","sticky":false,"template":"","format":"standard","meta":{"footnotes":""},"categories":[19],"tags":[],"class_list":["post-285","post","type-post","status-publish","format-standard","has-post-thumbnail","hentry","category-pro-equipamentos-capes"],"acf":[],"_links":{"self":[{"href":"https:\/\/www.ufsm.br\/pro-reitorias\/prpgp\/multiusuario\/wp-json\/wp\/v2\/posts\/285","targetHints":{"allow":["GET"]}}],"collection":[{"href":"https:\/\/www.ufsm.br\/pro-reitorias\/prpgp\/multiusuario\/wp-json\/wp\/v2\/posts"}],"about":[{"href":"https:\/\/www.ufsm.br\/pro-reitorias\/prpgp\/multiusuario\/wp-json\/wp\/v2\/types\/post"}],"author":[{"embeddable":true,"href":"https:\/\/www.ufsm.br\/pro-reitorias\/prpgp\/multiusuario\/wp-json\/wp\/v2\/users\/25"}],"replies":[{"embeddable":true,"href":"https:\/\/www.ufsm.br\/pro-reitorias\/prpgp\/multiusuario\/wp-json\/wp\/v2\/comments?post=285"}],"version-history":[{"count":0,"href":"https:\/\/www.ufsm.br\/pro-reitorias\/prpgp\/multiusuario\/wp-json\/wp\/v2\/posts\/285\/revisions"}],"wp:featuredmedia":[{"embeddable":true,"href":"https:\/\/www.ufsm.br\/pro-reitorias\/prpgp\/multiusuario\/wp-json\/wp\/v2\/media\/284"}],"wp:attachment":[{"href":"https:\/\/www.ufsm.br\/pro-reitorias\/prpgp\/multiusuario\/wp-json\/wp\/v2\/media?parent=285"}],"wp:term":[{"taxonomy":"category","embeddable":true,"href":"https:\/\/www.ufsm.br\/pro-reitorias\/prpgp\/multiusuario\/wp-json\/wp\/v2\/categories?post=285"},{"taxonomy":"post_tag","embeddable":true,"href":"https:\/\/www.ufsm.br\/pro-reitorias\/prpgp\/multiusuario\/wp-json\/wp\/v2\/tags?post=285"}],"curies":[{"name":"wp","href":"https:\/\/api.w.org\/{rel}","templated":true}]}}