{"id":311,"date":"2017-11-08T17:24:47","date_gmt":"2017-11-08T19:24:47","guid":{"rendered":"https:\/\/www.ufsm.br\/pro-reitorias\/prpgp\/multiusuario\/2017\/11\/08\/processador-ultrasonico-com-opcionais\/"},"modified":"2021-12-22T12:17:25","modified_gmt":"2021-12-22T15:17:25","slug":"processador-ultrasonico-com-opcionais","status":"publish","type":"post","link":"https:\/\/www.ufsm.br\/pro-reitorias\/prpgp\/multiusuario\/2017\/11\/08\/processador-ultrasonico-com-opcionais","title":{"rendered":"Processador Ultras\u00f4nico com opcionais"},"content":{"rendered":"<p><strong><span style=\"font-size: 9pt;font-family: Arial, sans-serif\">Descri\u00e7\u00e3o do Equipamento:<\/span><\/strong><span style=\"font-size: 9pt;font-family: Arial, sans-serif\">\u00a0Processador Ultras\u00f4nico com opcionais<\/span><\/p>\n<p><strong><span style=\"font-size: 9pt;font-family: Arial, sans-serif\">N\u00famero Patrim\u00f4nio:<\/span><\/strong><span style=\"font-size: 9pt;font-family: Arial, sans-serif\">\u00a0224593<\/span><\/p>\n<p><strong><span style=\"font-size: 9pt;font-family: Arial, sans-serif\">Localiza\u00e7\u00e3o:\u00a0<\/span><\/strong><span style=\"font-size: 9pt;font-family: Arial, sans-serif\">Departamento de Solos &#8211; Pr\u00e9dio 44L &#8211; 2\u00ba andar<\/span><\/p>\n<p><strong><span style=\"font-size: 9pt;font-family: Arial, sans-serif\">Respons\u00e1vel pelo equipamento:\u00a0<\/span><\/strong><span style=\"font-size: 9pt;font-family: Arial, sans-serif\">Jean P. G. Minella<\/span><\/p>\n<p><strong><span style=\"font-size: 9pt;font-family: Arial, sans-serif\">Contato para agendamento:\u00a0<\/span><\/strong><span style=\"font-size: 9pt;font-family: Arial, sans-serif\">Jean P. G. Minella<\/span><\/p>\n<p><strong><span style=\"font-size: 9pt;font-family: Arial, sans-serif\">Fone para agendamento: <\/span><\/strong><span style=\"font-size: 9pt;font-family: Arial, sans-serif\">55 <\/span><span style=\"font-size: 9pt;font-family: Arial, sans-serif\">997070238<\/span><\/p>\n<p><strong><span style=\"font-size: 9pt;font-family: Arial, sans-serif\">E-mail para agendamento:\u00a0<\/span><\/strong><span style=\"font-size: 9pt;font-family: Arial, sans-serif\"><a href=\"mailto:jminella@gmail.com\">jminella@gmail.com<\/a><\/span><\/p>\n<p><strong><span style=\"font-size: 9pt;font-family: Arial, sans-serif\">Foto do equipamento:<\/span><\/strong><\/p>\n<p><img fetchpriority=\"high\" decoding=\"async\" class=\"alignnone size-medium wp-image-929 alignleft\" src=\"https:\/\/www.ufsm.br\/app\/uploads\/sites\/775\/2017\/11\/ProcessadorUltrassom1-297x300.jpeg\" alt=\"\" width=\"297\" height=\"300\" srcset=\"https:\/\/www.ufsm.br\/app\/uploads\/sites\/775\/2017\/11\/ProcessadorUltrassom1-297x300.jpeg 297w, https:\/\/www.ufsm.br\/app\/uploads\/sites\/775\/2017\/11\/ProcessadorUltrassom1-1013x1024.jpeg 1013w, https:\/\/www.ufsm.br\/app\/uploads\/sites\/775\/2017\/11\/ProcessadorUltrassom1-768x776.jpeg 768w, https:\/\/www.ufsm.br\/app\/uploads\/sites\/775\/2017\/11\/ProcessadorUltrassom1.jpeg 1266w\" sizes=\"(max-width: 297px) 100vw, 297px\" \/><\/p>\n","protected":false},"excerpt":{"rendered":"<p>Descri\u00e7\u00e3o do Equipamento:\u00a0Processador Ultras\u00f4nico com opcionais N\u00famero Patrim\u00f4nio:\u00a0224593 Localiza\u00e7\u00e3o:\u00a0Departamento de Solos &#8211; Pr\u00e9dio 44L &#8211; 2\u00ba andar Respons\u00e1vel pelo equipamento:\u00a0Jean P. G. Minella Contato para agendamento:\u00a0Jean P. G. Minella Fone para agendamento: 55 997070238 E-mail para agendamento:\u00a0jminella@gmail.com Foto do equipamento:<\/p>\n","protected":false},"author":25,"featured_media":929,"comment_status":"closed","ping_status":"closed","sticky":false,"template":"","format":"standard","meta":{"footnotes":""},"categories":[19],"tags":[],"class_list":["post-311","post","type-post","status-publish","format-standard","has-post-thumbnail","hentry","category-pro-equipamentos-capes"],"acf":[],"_links":{"self":[{"href":"https:\/\/www.ufsm.br\/pro-reitorias\/prpgp\/multiusuario\/wp-json\/wp\/v2\/posts\/311","targetHints":{"allow":["GET"]}}],"collection":[{"href":"https:\/\/www.ufsm.br\/pro-reitorias\/prpgp\/multiusuario\/wp-json\/wp\/v2\/posts"}],"about":[{"href":"https:\/\/www.ufsm.br\/pro-reitorias\/prpgp\/multiusuario\/wp-json\/wp\/v2\/types\/post"}],"author":[{"embeddable":true,"href":"https:\/\/www.ufsm.br\/pro-reitorias\/prpgp\/multiusuario\/wp-json\/wp\/v2\/users\/25"}],"replies":[{"embeddable":true,"href":"https:\/\/www.ufsm.br\/pro-reitorias\/prpgp\/multiusuario\/wp-json\/wp\/v2\/comments?post=311"}],"version-history":[{"count":0,"href":"https:\/\/www.ufsm.br\/pro-reitorias\/prpgp\/multiusuario\/wp-json\/wp\/v2\/posts\/311\/revisions"}],"wp:featuredmedia":[{"embeddable":true,"href":"https:\/\/www.ufsm.br\/pro-reitorias\/prpgp\/multiusuario\/wp-json\/wp\/v2\/media\/929"}],"wp:attachment":[{"href":"https:\/\/www.ufsm.br\/pro-reitorias\/prpgp\/multiusuario\/wp-json\/wp\/v2\/media?parent=311"}],"wp:term":[{"taxonomy":"category","embeddable":true,"href":"https:\/\/www.ufsm.br\/pro-reitorias\/prpgp\/multiusuario\/wp-json\/wp\/v2\/categories?post=311"},{"taxonomy":"post_tag","embeddable":true,"href":"https:\/\/www.ufsm.br\/pro-reitorias\/prpgp\/multiusuario\/wp-json\/wp\/v2\/tags?post=311"}],"curies":[{"name":"wp","href":"https:\/\/api.w.org\/{rel}","templated":true}]}}