{"id":316,"date":"2017-11-08T17:26:41","date_gmt":"2017-11-08T19:26:41","guid":{"rendered":"https:\/\/www.ufsm.br\/pro-reitorias\/prpgp\/multiusuario\/2017\/11\/08\/monitoramento-da-precipitacao-a-laser-disdrometro-com-opcionais\/"},"modified":"2017-11-08T17:26:41","modified_gmt":"2017-11-08T19:26:41","slug":"monitoramento-da-precipitacao-a-laser-disdrometro-com-opcionais","status":"publish","type":"post","link":"https:\/\/www.ufsm.br\/pro-reitorias\/prpgp\/multiusuario\/2017\/11\/08\/monitoramento-da-precipitacao-a-laser-disdrometro-com-opcionais","title":{"rendered":"Monitoramento da Precipita\u00e7\u00e3o a Laser (Disdr\u00f4metro) com opcionais"},"content":{"rendered":"<p style=\"font-size: 12.16px;\"><strong><span style=\"font-size: 9pt; font-family: Arial, sans-serif;\">Descri\u00e7\u00e3o do Equipamento:<\/span><\/strong><span style=\"font-size: 9pt; font-family: Arial, sans-serif;\">&nbsp;Monitoramento da Precipita\u00e7\u00e3o a Laser (Disdr\u00f4metro) com opcionais<\/span><\/p>\n<p style=\"font-size: 12.16px;\"><strong><span style=\"font-size: 9pt; font-family: Arial, sans-serif;\">N\u00famero Patrim\u00f4nio:<\/span><\/strong><span style=\"font-size: 9pt; font-family: Arial, sans-serif;\">&nbsp;224592<\/span><\/p>\n<p style=\"font-size: 12.16px;\"><strong><span style=\"font-size: 9pt; font-family: Arial, sans-serif;\">Localiza\u00e7\u00e3o:&nbsp;<\/span><\/strong><span style=\"font-size: 9pt; font-family: Arial, sans-serif;\">Bacia Experimental&nbsp; em Arvorezinha -RS<\/span><\/p>\n<p style=\"font-size: 12.16px;\"><strong><span style=\"font-size: 9pt; font-family: Arial, sans-serif;\">Respons\u00e1vel pelo equipamento:&nbsp;<\/span><\/strong><span style=\"font-size: 9pt; font-family: Arial, sans-serif;\">Jean P. G. Minella<\/span><\/p>\n<p style=\"font-size: 12.16px;\"><strong><span style=\"font-size: 9pt; font-family: Arial, sans-serif;\">Contato para agendamento:<\/span><\/strong><span style=\"font-size: 9pt; font-family: Arial, sans-serif;\">&nbsp;Jean P. G. Minella<\/span><\/p>\n<p style=\"font-size: 12.16px;\"><strong><span style=\"font-size: 9pt; font-family: Arial, sans-serif;\">Fone para agendamento:<\/span><\/strong><span style=\"font-size: 9pt; font-family: Arial, sans-serif;\"> 3220-8108 ou 997070238<\/span><\/p>\n<p style=\"font-size: 12.16px;\"><strong><span style=\"font-size: 9pt; font-family: Arial, sans-serif;\">E-mail para agendamento:&nbsp;<a href=\"mailto:jminella@gmail.com\">&nbsp;<\/a><a href=\"mailto:jminella@gmail.com\">&nbsp;<\/a><a href=\"mailto:jminella@gmail.com\">jminella@gmail.com<\/a><a href=\"mailto:jminella@gmail.com\">&nbsp;<\/a><\/span><\/strong><\/p>\n<p style=\"font-size: 12.16px;\"><strong><span style=\"font-size: 9pt; font-family: Arial, sans-serif;\">Fotos do Equipamento:<\/span><\/strong><\/p>\n<p style=\"font-size: 12.16px;\"><strong><span style=\"font-size: 9pt; font-family: Arial, sans-serif;\"><img fetchpriority=\"high\" decoding=\"async\" class=\" size-full wp-image-314\" src=\"https:\/\/www.ufsm.br\/pro-reitorias\/prpgp\/multiusuario\/wp-content\/uploads\/sites\/775\/2017\/11\/images_equipamentos_CAPES_Disdrmetro-1.jpg\" alt=\"Disdrmetro 1\" width=\"300\" height=\"533\" srcset=\"https:\/\/www.ufsm.br\/app\/uploads\/sites\/775\/2017\/11\/images_equipamentos_CAPES_Disdrmetro-1.jpg 300w, https:\/\/www.ufsm.br\/app\/uploads\/sites\/775\/2017\/11\/images_equipamentos_CAPES_Disdrmetro-1-169x300.jpg 169w\" sizes=\"(max-width: 300px) 100vw, 300px\" \/><\/span><\/strong><\/p>\n<p style=\"font-size: 12.16px;\">&nbsp;<\/p>\n<p style=\"font-size: 12.16px;\"><img decoding=\"async\" class=\" size-full wp-image-315\" src=\"https:\/\/www.ufsm.br\/pro-reitorias\/prpgp\/multiusuario\/wp-content\/uploads\/sites\/775\/2017\/11\/images_equipamentos_CAPES_Disdrmetro-1.1.jpg\" alt=\"Disdrmetro 1.1\" width=\"300\" height=\"533\" srcset=\"https:\/\/www.ufsm.br\/app\/uploads\/sites\/775\/2017\/11\/images_equipamentos_CAPES_Disdrmetro-1.1.jpg 300w, https:\/\/www.ufsm.br\/app\/uploads\/sites\/775\/2017\/11\/images_equipamentos_CAPES_Disdrmetro-1.1-169x300.jpg 169w\" sizes=\"(max-width: 300px) 100vw, 300px\" \/><\/p>\n","protected":false},"excerpt":{"rendered":"<p>Descri\u00e7\u00e3o do Equipamento:&nbsp;Monitoramento da Precipita\u00e7\u00e3o a Laser (Disdr\u00f4metro) com opcionais N\u00famero Patrim\u00f4nio:&nbsp;224592 Localiza\u00e7\u00e3o:&nbsp;Bacia Experimental&nbsp; em Arvorezinha -RS Respons\u00e1vel pelo equipamento:&nbsp;Jean P. G. Minella Contato para agendamento:&nbsp;Jean P. G. Minella Fone para agendamento: 3220-8108 ou 997070238 E-mail para agendamento:&nbsp;&nbsp;&nbsp;jminella@gmail.com&nbsp; Fotos do Equipamento: &nbsp;<\/p>\n","protected":false},"author":25,"featured_media":314,"comment_status":"closed","ping_status":"closed","sticky":false,"template":"","format":"standard","meta":{"footnotes":""},"categories":[19],"tags":[],"class_list":["post-316","post","type-post","status-publish","format-standard","has-post-thumbnail","hentry","category-pro-equipamentos-capes"],"acf":[],"_links":{"self":[{"href":"https:\/\/www.ufsm.br\/pro-reitorias\/prpgp\/multiusuario\/wp-json\/wp\/v2\/posts\/316","targetHints":{"allow":["GET"]}}],"collection":[{"href":"https:\/\/www.ufsm.br\/pro-reitorias\/prpgp\/multiusuario\/wp-json\/wp\/v2\/posts"}],"about":[{"href":"https:\/\/www.ufsm.br\/pro-reitorias\/prpgp\/multiusuario\/wp-json\/wp\/v2\/types\/post"}],"author":[{"embeddable":true,"href":"https:\/\/www.ufsm.br\/pro-reitorias\/prpgp\/multiusuario\/wp-json\/wp\/v2\/users\/25"}],"replies":[{"embeddable":true,"href":"https:\/\/www.ufsm.br\/pro-reitorias\/prpgp\/multiusuario\/wp-json\/wp\/v2\/comments?post=316"}],"version-history":[{"count":0,"href":"https:\/\/www.ufsm.br\/pro-reitorias\/prpgp\/multiusuario\/wp-json\/wp\/v2\/posts\/316\/revisions"}],"wp:featuredmedia":[{"embeddable":true,"href":"https:\/\/www.ufsm.br\/pro-reitorias\/prpgp\/multiusuario\/wp-json\/wp\/v2\/media\/314"}],"wp:attachment":[{"href":"https:\/\/www.ufsm.br\/pro-reitorias\/prpgp\/multiusuario\/wp-json\/wp\/v2\/media?parent=316"}],"wp:term":[{"taxonomy":"category","embeddable":true,"href":"https:\/\/www.ufsm.br\/pro-reitorias\/prpgp\/multiusuario\/wp-json\/wp\/v2\/categories?post=316"},{"taxonomy":"post_tag","embeddable":true,"href":"https:\/\/www.ufsm.br\/pro-reitorias\/prpgp\/multiusuario\/wp-json\/wp\/v2\/tags?post=316"}],"curies":[{"name":"wp","href":"https:\/\/api.w.org\/{rel}","templated":true}]}}