{"id":328,"date":"2017-11-08T17:37:29","date_gmt":"2017-11-08T19:37:29","guid":{"rendered":"https:\/\/www.ufsm.br\/pro-reitorias\/prpgp\/multiusuario\/2017\/11\/08\/microscopio-trinocular-com-sistema-de-fotodocumentacao\/"},"modified":"2017-11-08T17:37:29","modified_gmt":"2017-11-08T19:37:29","slug":"microscopio-trinocular-com-sistema-de-fotodocumentacao","status":"publish","type":"post","link":"https:\/\/www.ufsm.br\/pro-reitorias\/prpgp\/multiusuario\/2017\/11\/08\/microscopio-trinocular-com-sistema-de-fotodocumentacao","title":{"rendered":"Microscopio Trinocular com Sistema de Fotodocumenta\u00e7\u00e3o"},"content":{"rendered":"<p><strong><span style=\"font-size: 9pt; font-family: Arial, sans-serif;\">Descri\u00e7\u00e3o do Equipamento:<\/span><\/strong><span style=\"font-size: 9pt; font-family: Arial, sans-serif;\">&nbsp;Microscopio Trinocular com Sistema de Fotodocumenta\u00e7\u00e3o<\/span><\/p>\n<p><strong><span style=\"font-size: 9pt; font-family: Arial, sans-serif;\">N\u00famero Patrim\u00f4nio:<\/span><\/strong><span style=\"font-size: 9pt; font-family: Arial, sans-serif;\">&nbsp;223150<\/span><\/p>\n<p><strong><span style=\"font-size: 9pt; font-family: Arial, sans-serif;\">Localiza\u00e7\u00e3o:&nbsp;<\/span><\/strong><span style=\"font-size: 9pt; font-family: Arial, sans-serif;\">N\u00facleo de Tecnologia de Alimentos (NTA), CCR &#8211; Pr\u00e9dio 44E, Sala 106<\/span><\/p>\n<p><strong><span style=\"font-size: 9pt; font-family: Arial, sans-serif;\">Respons\u00e1vel pelo equipamento:&nbsp;<\/span><\/strong><span style=\"font-size: 9pt; font-family: Arial, sans-serif;\">Cristiane R. de Menezes<\/span><\/p>\n<p><strong><span style=\"font-size: 9pt; font-family: Arial, sans-serif;\">Contato para agendamento:&nbsp;<\/span><\/strong><span style=\"font-size: 9pt; font-family: Arial, sans-serif;\">Cristiano R. de Menezes<\/span><\/p>\n<p><strong><span style=\"font-size: 9pt; font-family: Arial, sans-serif;\">Fone para agendamento:<\/span><\/strong><span style=\"font-size: 9pt; font-family: Arial, sans-serif;\"> 3220-8822<\/span><\/p>\n<p><strong><span style=\"font-size: 9pt; font-family: Arial, sans-serif;\">E-mail para agendamento:&nbsp;<a href=\"mailto:cristianoragagnin@hotmail.com\">cristianoragagnin@hotmail.com<\/a><a href=\"mailto:cristianoragagnin@hotmail.com\">&nbsp;<\/a><\/span><\/strong><\/p>\n<p><strong><span style=\"font-size: 9pt; font-family: Arial, sans-serif;\">Foto do Equipamento:<\/span><\/strong><\/p>\n<p><strong><span style=\"font-size: 9pt; font-family: Arial, sans-serif;\"><img fetchpriority=\"high\" decoding=\"async\" class=\" size-full wp-image-327\" src=\"https:\/\/www.ufsm.br\/pro-reitorias\/prpgp\/multiusuario\/wp-content\/uploads\/sites\/775\/2017\/11\/images_equipamentos_CAPES_Microscopio-Trinocular.jpg\" alt=\"Microscopio Trinocular\" width=\"300\" height=\"400\" srcset=\"https:\/\/www.ufsm.br\/app\/uploads\/sites\/775\/2017\/11\/images_equipamentos_CAPES_Microscopio-Trinocular.jpg 300w, https:\/\/www.ufsm.br\/app\/uploads\/sites\/775\/2017\/11\/images_equipamentos_CAPES_Microscopio-Trinocular-225x300.jpg 225w\" sizes=\"(max-width: 300px) 100vw, 300px\" \/><\/span><\/strong><\/p>\n","protected":false},"excerpt":{"rendered":"<p>Descri\u00e7\u00e3o do Equipamento:&nbsp;Microscopio Trinocular com Sistema de Fotodocumenta\u00e7\u00e3o N\u00famero Patrim\u00f4nio:&nbsp;223150 Localiza\u00e7\u00e3o:&nbsp;N\u00facleo de Tecnologia de Alimentos (NTA), CCR &#8211; Pr\u00e9dio 44E, Sala 106 Respons\u00e1vel pelo equipamento:&nbsp;Cristiane R. de Menezes Contato para agendamento:&nbsp;Cristiano R. de Menezes Fone para agendamento: 3220-8822 E-mail para agendamento:&nbsp;cristianoragagnin@hotmail.com&nbsp; Foto do Equipamento:<\/p>\n","protected":false},"author":25,"featured_media":327,"comment_status":"closed","ping_status":"closed","sticky":false,"template":"","format":"standard","meta":{"footnotes":""},"categories":[19],"tags":[],"class_list":["post-328","post","type-post","status-publish","format-standard","has-post-thumbnail","hentry","category-pro-equipamentos-capes"],"acf":[],"_links":{"self":[{"href":"https:\/\/www.ufsm.br\/pro-reitorias\/prpgp\/multiusuario\/wp-json\/wp\/v2\/posts\/328","targetHints":{"allow":["GET"]}}],"collection":[{"href":"https:\/\/www.ufsm.br\/pro-reitorias\/prpgp\/multiusuario\/wp-json\/wp\/v2\/posts"}],"about":[{"href":"https:\/\/www.ufsm.br\/pro-reitorias\/prpgp\/multiusuario\/wp-json\/wp\/v2\/types\/post"}],"author":[{"embeddable":true,"href":"https:\/\/www.ufsm.br\/pro-reitorias\/prpgp\/multiusuario\/wp-json\/wp\/v2\/users\/25"}],"replies":[{"embeddable":true,"href":"https:\/\/www.ufsm.br\/pro-reitorias\/prpgp\/multiusuario\/wp-json\/wp\/v2\/comments?post=328"}],"version-history":[{"count":0,"href":"https:\/\/www.ufsm.br\/pro-reitorias\/prpgp\/multiusuario\/wp-json\/wp\/v2\/posts\/328\/revisions"}],"wp:featuredmedia":[{"embeddable":true,"href":"https:\/\/www.ufsm.br\/pro-reitorias\/prpgp\/multiusuario\/wp-json\/wp\/v2\/media\/327"}],"wp:attachment":[{"href":"https:\/\/www.ufsm.br\/pro-reitorias\/prpgp\/multiusuario\/wp-json\/wp\/v2\/media?parent=328"}],"wp:term":[{"taxonomy":"category","embeddable":true,"href":"https:\/\/www.ufsm.br\/pro-reitorias\/prpgp\/multiusuario\/wp-json\/wp\/v2\/categories?post=328"},{"taxonomy":"post_tag","embeddable":true,"href":"https:\/\/www.ufsm.br\/pro-reitorias\/prpgp\/multiusuario\/wp-json\/wp\/v2\/tags?post=328"}],"curies":[{"name":"wp","href":"https:\/\/api.w.org\/{rel}","templated":true}]}}