{"id":331,"date":"2017-11-08T17:40:04","date_gmt":"2017-11-08T19:40:04","guid":{"rendered":"https:\/\/www.ufsm.br\/pro-reitorias\/prpgp\/multiusuario\/2017\/11\/08\/ultrafreezer-86-c\/"},"modified":"2021-11-30T10:26:34","modified_gmt":"2021-11-30T13:26:34","slug":"ultrafreezer-86-c","status":"publish","type":"post","link":"https:\/\/www.ufsm.br\/pro-reitorias\/prpgp\/multiusuario\/2017\/11\/08\/ultrafreezer-86-c","title":{"rendered":"Ultrafreezer \u2013 86\u00b0 C"},"content":{"rendered":"<p><strong><span style=\"font-size: 9pt;font-family: Arial, sans-serif\">Descri\u00e7\u00e3o do Equipamento:<\/span><\/strong><span style=\"font-size: 9pt;font-family: Arial, sans-serif\">\u00a0Ultrafreezer \u2013 86\u00b0 C<\/span><\/p>\n<p><strong><span style=\"font-size: 9pt;font-family: Arial, sans-serif\">N\u00famero Patrim\u00f4nio:<\/span><\/strong><span style=\"font-size: 9pt;font-family: Arial, sans-serif\">\u00a0202831<\/span><\/p>\n<p><strong><span style=\"font-size: 9pt;font-family: Arial, sans-serif\">Localiza\u00e7\u00e3o:\u00a0<\/span><\/strong><span style=\"font-size: 9pt;font-family: Arial, sans-serif\">N\u00facleo Integrado de Desenvolvimento em An\u00e1lises Laboratoriais (NIDAL), Pr\u00e9dio 46<\/span><\/p>\n<p><strong><span style=\"font-size: 9pt;font-family: Arial, sans-serif\">Respons\u00e1vel pelo equipamento:\u00a0<\/span><\/strong><span style=\"font-size: 9pt;font-family: Arial, sans-serif\">Tatiana Emanuelli<\/span><\/p>\n<p><strong><span style=\"font-size: 9pt;font-family: Arial, sans-serif\">Contato para agendamento:\u00a0<\/span><\/strong><span style=\"font-size: 9pt;font-family: Arial, sans-serif\">Tatiana Emanuelli<\/span><\/p>\n<p><strong><span style=\"font-size: 9pt;font-family: Arial, sans-serif\">Fone para agendamento: <\/span><\/strong><span style=\"font-size: 9pt;font-family: Arial, sans-serif\">3220-8547<\/span><\/p>\n<p><strong><span style=\"font-size: 9pt;font-family: Arial, sans-serif\">E-mail para agendamento: <\/span><\/strong><span style=\"font-size: 9pt;font-family: Arial, sans-serif\">jlnornberg@gmail.com<\/span><span style=\"font-size: 9pt;font-family: Arial, sans-serif\">\u00a0 ou\u00a0 <a href=\"mailto:tatiana.emanuelli@ufsm.br\">tatiana.emanuelli@ufsm.br<\/a><\/span><\/p>\n<p><strong><span style=\"font-size: 9pt;font-family: Arial, sans-serif\">Foto do equipamento:<\/span><\/strong><\/p>\n<p><img decoding=\"async\" class=\"alignnone size-medium wp-image-959 alignleft\" src=\"https:\/\/www.ufsm.br\/app\/uploads\/sites\/775\/2017\/11\/Ultrafreezer-101x300.jpg\" alt=\"\" width=\"101\" height=\"300\" srcset=\"https:\/\/www.ufsm.br\/app\/uploads\/sites\/775\/2017\/11\/Ultrafreezer-101x300.jpg 101w, https:\/\/www.ufsm.br\/app\/uploads\/sites\/775\/2017\/11\/Ultrafreezer-345x1024.jpg 345w, https:\/\/www.ufsm.br\/app\/uploads\/sites\/775\/2017\/11\/Ultrafreezer.jpg 428w\" sizes=\"(max-width: 101px) 100vw, 101px\" \/><\/p>\n","protected":false},"excerpt":{"rendered":"<p>Descri\u00e7\u00e3o do Equipamento:\u00a0Ultrafreezer \u2013 86\u00b0 C N\u00famero Patrim\u00f4nio:\u00a0202831 Localiza\u00e7\u00e3o:\u00a0N\u00facleo Integrado de Desenvolvimento em An\u00e1lises Laboratoriais (NIDAL), Pr\u00e9dio 46 Respons\u00e1vel pelo equipamento:\u00a0Tatiana Emanuelli Contato para agendamento:\u00a0Tatiana Emanuelli Fone para agendamento: 3220-8547 E-mail para agendamento: jlnornberg@gmail.com\u00a0 ou\u00a0 tatiana.emanuelli@ufsm.br Foto do equipamento:<\/p>\n","protected":false},"author":25,"featured_media":959,"comment_status":"closed","ping_status":"closed","sticky":false,"template":"","format":"standard","meta":{"footnotes":""},"categories":[19],"tags":[],"class_list":["post-331","post","type-post","status-publish","format-standard","has-post-thumbnail","hentry","category-pro-equipamentos-capes"],"acf":[],"_links":{"self":[{"href":"https:\/\/www.ufsm.br\/pro-reitorias\/prpgp\/multiusuario\/wp-json\/wp\/v2\/posts\/331","targetHints":{"allow":["GET"]}}],"collection":[{"href":"https:\/\/www.ufsm.br\/pro-reitorias\/prpgp\/multiusuario\/wp-json\/wp\/v2\/posts"}],"about":[{"href":"https:\/\/www.ufsm.br\/pro-reitorias\/prpgp\/multiusuario\/wp-json\/wp\/v2\/types\/post"}],"author":[{"embeddable":true,"href":"https:\/\/www.ufsm.br\/pro-reitorias\/prpgp\/multiusuario\/wp-json\/wp\/v2\/users\/25"}],"replies":[{"embeddable":true,"href":"https:\/\/www.ufsm.br\/pro-reitorias\/prpgp\/multiusuario\/wp-json\/wp\/v2\/comments?post=331"}],"version-history":[{"count":0,"href":"https:\/\/www.ufsm.br\/pro-reitorias\/prpgp\/multiusuario\/wp-json\/wp\/v2\/posts\/331\/revisions"}],"wp:featuredmedia":[{"embeddable":true,"href":"https:\/\/www.ufsm.br\/pro-reitorias\/prpgp\/multiusuario\/wp-json\/wp\/v2\/media\/959"}],"wp:attachment":[{"href":"https:\/\/www.ufsm.br\/pro-reitorias\/prpgp\/multiusuario\/wp-json\/wp\/v2\/media?parent=331"}],"wp:term":[{"taxonomy":"category","embeddable":true,"href":"https:\/\/www.ufsm.br\/pro-reitorias\/prpgp\/multiusuario\/wp-json\/wp\/v2\/categories?post=331"},{"taxonomy":"post_tag","embeddable":true,"href":"https:\/\/www.ufsm.br\/pro-reitorias\/prpgp\/multiusuario\/wp-json\/wp\/v2\/tags?post=331"}],"curies":[{"name":"wp","href":"https:\/\/api.w.org\/{rel}","templated":true}]}}