{"id":353,"date":"2017-11-08T18:10:53","date_gmt":"2017-11-08T20:10:53","guid":{"rendered":"https:\/\/www.ufsm.br\/pro-reitorias\/prpgp\/multiusuario\/2017\/11\/08\/camara-climatica\/"},"modified":"2017-11-08T18:10:53","modified_gmt":"2017-11-08T20:10:53","slug":"camara-climatica","status":"publish","type":"post","link":"https:\/\/www.ufsm.br\/pro-reitorias\/prpgp\/multiusuario\/2017\/11\/08\/camara-climatica","title":{"rendered":"C\u00e2mara Clim\u00e1tica"},"content":{"rendered":"<p><strong><span style=\"font-size: 9pt; font-family: Arial, sans-serif;\">Descri\u00e7\u00e3o do Equipamento:<\/span><\/strong><span style=\"font-size: 9pt; font-family: Arial, sans-serif;\">&nbsp;C\u00e2mara Clim\u00e1tica<\/span><\/p>\n<p><strong><span style=\"font-size: 9pt; font-family: Arial, sans-serif;\">N\u00famero Patrim\u00f4nio:<\/span><\/strong><span style=\"font-size: 9pt; font-family: Arial, sans-serif;\">&nbsp;190769<\/span><\/p>\n<p><strong><span style=\"font-size: 9pt; font-family: Arial, sans-serif;\">Localiza\u00e7\u00e3o:&nbsp;<\/span><\/strong><span style=\"font-size: 9pt; font-family: Arial, sans-serif;\">Departamento de Farm\u00e1cia Industrial &#8211; Pr\u00e9dio 26,&nbsp; Laborat\u00f3rio 1143<\/span><\/p>\n<p><strong><span style=\"font-size: 9pt; font-family: Arial, sans-serif;\">Respons\u00e1vel pelo equipamento:&nbsp;<\/span><\/strong><span style=\"font-size: 9pt; font-family: Arial, sans-serif;\">Andr\u00e9a In\u00eas Horn Adams<\/span><\/p>\n<p><strong><span style=\"font-size: 9pt; font-family: Arial, sans-serif;\">Contato para agendamento:&nbsp;<\/span><\/strong><span style=\"font-size: 9pt; font-family: Arial, sans-serif;\">Andr\u00e9a In\u00eas Horn Adams<\/span><\/p>\n<p><strong><span style=\"font-size: 9pt; font-family: Arial, sans-serif;\">Fone para agendamento: <\/span><\/strong><span style=\"font-size: 9pt; font-family: Arial, sans-serif;\">3220-8661<\/span><\/p>\n<p><strong><span style=\"font-size: 9pt; font-family: Arial, sans-serif;\">E-mail para agendamento:&nbsp;<a href=\"mailto:andrea.ih.adams@gmail.com\">andrea.ih.adams@gmail.com<\/a><a href=\"mailto:andrea.ih.adams@gmail.com\">&nbsp;<\/a><\/span><\/strong><\/p>\n<p><strong><span style=\"font-size: 9pt; font-family: Arial, sans-serif;\">Foto do Equipamento:<\/span><\/strong><\/p>\n<p><strong><span style=\"font-size: 9pt; font-family: Arial, sans-serif;\"><img fetchpriority=\"high\" decoding=\"async\" class=\" size-full wp-image-352\" src=\"https:\/\/www.ufsm.br\/pro-reitorias\/prpgp\/multiusuario\/wp-content\/uploads\/sites\/775\/2017\/11\/images_equipamentos_CAPES_Cmara-Climtica.jpg\" alt=\"Cmara Climtica\" width=\"300\" height=\"400\" srcset=\"https:\/\/www.ufsm.br\/app\/uploads\/sites\/775\/2017\/11\/images_equipamentos_CAPES_Cmara-Climtica.jpg 300w, https:\/\/www.ufsm.br\/app\/uploads\/sites\/775\/2017\/11\/images_equipamentos_CAPES_Cmara-Climtica-225x300.jpg 225w\" sizes=\"(max-width: 300px) 100vw, 300px\" \/><\/span><\/strong><\/p>\n","protected":false},"excerpt":{"rendered":"<p>Descri\u00e7\u00e3o do Equipamento:&nbsp;C\u00e2mara Clim\u00e1tica N\u00famero Patrim\u00f4nio:&nbsp;190769 Localiza\u00e7\u00e3o:&nbsp;Departamento de Farm\u00e1cia Industrial &#8211; Pr\u00e9dio 26,&nbsp; Laborat\u00f3rio 1143 Respons\u00e1vel pelo equipamento:&nbsp;Andr\u00e9a In\u00eas Horn Adams Contato para agendamento:&nbsp;Andr\u00e9a In\u00eas Horn Adams Fone para agendamento: 3220-8661 E-mail para agendamento:&nbsp;andrea.ih.adams@gmail.com&nbsp; Foto do Equipamento:<\/p>\n","protected":false},"author":25,"featured_media":352,"comment_status":"closed","ping_status":"closed","sticky":false,"template":"","format":"standard","meta":{"footnotes":""},"categories":[19],"tags":[],"class_list":["post-353","post","type-post","status-publish","format-standard","has-post-thumbnail","hentry","category-pro-equipamentos-capes"],"acf":[],"_links":{"self":[{"href":"https:\/\/www.ufsm.br\/pro-reitorias\/prpgp\/multiusuario\/wp-json\/wp\/v2\/posts\/353","targetHints":{"allow":["GET"]}}],"collection":[{"href":"https:\/\/www.ufsm.br\/pro-reitorias\/prpgp\/multiusuario\/wp-json\/wp\/v2\/posts"}],"about":[{"href":"https:\/\/www.ufsm.br\/pro-reitorias\/prpgp\/multiusuario\/wp-json\/wp\/v2\/types\/post"}],"author":[{"embeddable":true,"href":"https:\/\/www.ufsm.br\/pro-reitorias\/prpgp\/multiusuario\/wp-json\/wp\/v2\/users\/25"}],"replies":[{"embeddable":true,"href":"https:\/\/www.ufsm.br\/pro-reitorias\/prpgp\/multiusuario\/wp-json\/wp\/v2\/comments?post=353"}],"version-history":[{"count":0,"href":"https:\/\/www.ufsm.br\/pro-reitorias\/prpgp\/multiusuario\/wp-json\/wp\/v2\/posts\/353\/revisions"}],"wp:featuredmedia":[{"embeddable":true,"href":"https:\/\/www.ufsm.br\/pro-reitorias\/prpgp\/multiusuario\/wp-json\/wp\/v2\/media\/352"}],"wp:attachment":[{"href":"https:\/\/www.ufsm.br\/pro-reitorias\/prpgp\/multiusuario\/wp-json\/wp\/v2\/media?parent=353"}],"wp:term":[{"taxonomy":"category","embeddable":true,"href":"https:\/\/www.ufsm.br\/pro-reitorias\/prpgp\/multiusuario\/wp-json\/wp\/v2\/categories?post=353"},{"taxonomy":"post_tag","embeddable":true,"href":"https:\/\/www.ufsm.br\/pro-reitorias\/prpgp\/multiusuario\/wp-json\/wp\/v2\/tags?post=353"}],"curies":[{"name":"wp","href":"https:\/\/api.w.org\/{rel}","templated":true}]}}