{"id":367,"date":"2017-11-08T18:29:20","date_gmt":"2017-11-08T20:29:20","guid":{"rendered":"https:\/\/www.ufsm.br\/pro-reitorias\/prpgp\/multiusuario\/2017\/11\/08\/conjunto-composto-por-evaporador-rotatorio-com-bomba-de-vacuo-e-controlador-equipado-com-recirculador-chiller-e-multivapor-acoplado\/"},"modified":"2017-11-08T18:29:20","modified_gmt":"2017-11-08T20:29:20","slug":"conjunto-composto-por-evaporador-rotatorio-com-bomba-de-vacuo-e-controlador-equipado-com-recirculador-chiller-e-multivapor-acoplado","status":"publish","type":"post","link":"https:\/\/www.ufsm.br\/pro-reitorias\/prpgp\/multiusuario\/2017\/11\/08\/conjunto-composto-por-evaporador-rotatorio-com-bomba-de-vacuo-e-controlador-equipado-com-recirculador-chiller-e-multivapor-acoplado","title":{"rendered":"Conjunto composto por Evaporador Rotat\u00f3rio com Bomba de V\u00e1cuo e Controlador, equipado com Recirculador Chiller e Multivapor acoplado"},"content":{"rendered":"<p><strong><span style=\"font-size: 9pt; font-family: Arial, sans-serif;\">Descri\u00e7\u00e3o do Equipamento:<\/span><\/strong><span style=\"font-size: 9pt; font-family: Arial, sans-serif;\">&nbsp;Conjunto composto por Evaporador Rotat\u00f3rio com Bomba de V\u00e1cuo e Controlador, equipado com Recirculador Chiller e Multivapor acoplado<\/span><\/p>\n<p><strong><span style=\"font-size: 9pt; font-family: Arial, sans-serif;\">N\u00famero Patrim\u00f4nio:<\/span><\/strong><span style=\"font-size: 9pt; font-family: Arial, sans-serif;\">&nbsp;226353 <span style=\"font-size: 9pt; font-family: Arial, sans-serif;\"><span style=\"font-size: 9pt;\"><span style=\"font-size: 9pt;\">(Multivapor),&nbsp;<\/span><\/span><\/span>226355 (<span style=\"font-size: 9pt; font-family: Arial, sans-serif;\"><span style=\"font-size: 9pt;\">Evaporador),&nbsp;<\/span><\/span>226356 (Bomba)<\/span><\/p>\n<p><strong><span style=\"font-size: 9pt; font-family: Arial, sans-serif;\">Localiza\u00e7\u00e3o:&nbsp;<\/span><\/strong><span style=\"font-size: 9pt; font-family: Arial, sans-serif;\">DFI \/PPGCF Pr\u00e9dio 26,Sala 1411&nbsp;<\/span><span style=\"font-size: 9pt; font-family: Arial, sans-serif;\"><span style=\"font-size: 9pt; font-family: Arial, sans-serif;\">(Evaporador e Bomba)<\/span> e Sala 1137&nbsp;<span style=\"font-size: 9pt; font-family: Arial, sans-serif;\"><span style=\"font-size: 9pt;\">(Multivapor)<\/span><\/span><\/span><\/p>\n<p><strong><span style=\"font-size: 9pt; font-family: Arial, sans-serif;\">Respons\u00e1vel pelo equipamento:&nbsp;<\/span><\/strong><span style=\"font-size: 9pt; font-family: Arial, sans-serif;\">Thiago Belarmino de Souza (Evaporador e Bomba) e Mel\u00e2nia Palermo Manfron (Multivapor)<\/span><\/p>\n<p><strong><span style=\"font-size: 9pt; font-family: Arial, sans-serif;\">Contato para agendamento:&nbsp;<\/span><\/strong><span style=\"font-size: 9pt; font-family: Arial, sans-serif;\"><span style=\"font-size: 9pt; font-family: Arial, sans-serif;\">Thiago Belarmino de Souza (Evaporador e Bomba) e Mel\u00e2nia Palermo Manfron (Multivapor)<\/span><\/span><\/p>\n<p><strong><span style=\"font-size: 9pt; font-family: Arial, sans-serif;\">Fone para agendamento: <\/span><\/strong><span style=\"font-size: 9pt; font-family: Arial, sans-serif;\">3220-8238 Mel\u00e2nia Palermo e 3220-9618 Thiago Belarmino<\/span><\/p>\n<p><strong><span style=\"font-size: 9pt; font-family: Arial, sans-serif;\">E-mail para agendamento:<\/span><\/strong><span style=\"font-size: 9pt; font-family: Arial, sans-serif;\">&nbsp;<\/span><strong><span style=\"font-size: 9pt; font-family: Arial, sans-serif;\"><a href=\"mailto:melaniapalermo@gmail.com\">melaniapalermo@gmail.com<\/a> e <a href=\"mailto:thiagobs83@yahoo.com.br\">thiagobs83@yahoo.com.br<\/a><a href=\"mailto:thiagobs83@yahoo.com.br\">&nbsp;<\/a><\/span><\/strong><\/p>\n<p><strong><span style=\"font-size: 9pt; font-family: Arial, sans-serif;\">Foto dos Equipamentos:<\/span><\/strong><\/p>\n<p><strong><span style=\"font-size: 9pt; font-family: Arial, sans-serif;\"><img fetchpriority=\"high\" decoding=\"async\" class=\" size-full wp-image-364\" src=\"https:\/\/www.ufsm.br\/pro-reitorias\/prpgp\/multiusuario\/wp-content\/uploads\/sites\/775\/2017\/11\/images_equipamentos_CAPES_Sistema-comportso-Multi-Vapor-226353.jpg\" alt=\"Sistema comportso Multi Vapor 226353\" width=\"300\" height=\"400\" srcset=\"https:\/\/www.ufsm.br\/app\/uploads\/sites\/775\/2017\/11\/images_equipamentos_CAPES_Sistema-comportso-Multi-Vapor-226353.jpg 300w, https:\/\/www.ufsm.br\/app\/uploads\/sites\/775\/2017\/11\/images_equipamentos_CAPES_Sistema-comportso-Multi-Vapor-226353-225x300.jpg 225w\" sizes=\"(max-width: 300px) 100vw, 300px\" \/><\/span><\/strong><\/p>\n<p>&nbsp;<\/p>\n<p><img decoding=\"async\" class=\" size-full wp-image-365\" src=\"https:\/\/www.ufsm.br\/pro-reitorias\/prpgp\/multiusuario\/wp-content\/uploads\/sites\/775\/2017\/11\/images_equipamentos_CAPES_Sistema-Composto-Evaporador-Rotatrio-com-Bomba-de-Vcuo-226355.jpg\" alt=\"Sistema Composto Evaporador Rotatrio com Bomba de Vcuo  226355\" width=\"300\" height=\"400\" srcset=\"https:\/\/www.ufsm.br\/app\/uploads\/sites\/775\/2017\/11\/images_equipamentos_CAPES_Sistema-Composto-Evaporador-Rotatrio-com-Bomba-de-Vcuo-226355.jpg 300w, https:\/\/www.ufsm.br\/app\/uploads\/sites\/775\/2017\/11\/images_equipamentos_CAPES_Sistema-Composto-Evaporador-Rotatrio-com-Bomba-de-Vcuo-226355-225x300.jpg 225w\" sizes=\"(max-width: 300px) 100vw, 300px\" \/><\/p>\n<p><img decoding=\"async\" class=\" size-full wp-image-366\" src=\"https:\/\/www.ufsm.br\/pro-reitorias\/prpgp\/multiusuario\/wp-content\/uploads\/sites\/775\/2017\/11\/images_equipamentos_CAPES_Sistema-Composto-Evaporador-Rotatrio-com-Bomba-de-Vcuo-226356.jpg\" alt=\"Sistema Composto Evaporador Rotatrio com Bomba de Vcuo  226356\" width=\"300\" height=\"400\" srcset=\"https:\/\/www.ufsm.br\/app\/uploads\/sites\/775\/2017\/11\/images_equipamentos_CAPES_Sistema-Composto-Evaporador-Rotatrio-com-Bomba-de-Vcuo-226356.jpg 300w, https:\/\/www.ufsm.br\/app\/uploads\/sites\/775\/2017\/11\/images_equipamentos_CAPES_Sistema-Composto-Evaporador-Rotatrio-com-Bomba-de-Vcuo-226356-225x300.jpg 225w\" sizes=\"(max-width: 300px) 100vw, 300px\" \/><\/p>\n","protected":false},"excerpt":{"rendered":"<p>Descri\u00e7\u00e3o do Equipamento:&nbsp;Conjunto composto por Evaporador Rotat\u00f3rio com Bomba de V\u00e1cuo e Controlador, equipado com Recirculador Chiller e Multivapor acoplado N\u00famero Patrim\u00f4nio:&nbsp;226353 (Multivapor),&nbsp;226355 (Evaporador),&nbsp;226356 (Bomba) Localiza\u00e7\u00e3o:&nbsp;DFI \/PPGCF Pr\u00e9dio 26,Sala 1411&nbsp;(Evaporador e Bomba) e Sala 1137&nbsp;(Multivapor) Respons\u00e1vel pelo equipamento:&nbsp;Thiago Belarmino de Souza (Evaporador e Bomba) e Mel\u00e2nia Palermo Manfron (Multivapor) Contato para agendamento:&nbsp;Thiago Belarmino de Souza [&hellip;]<\/p>\n","protected":false},"author":25,"featured_media":364,"comment_status":"closed","ping_status":"closed","sticky":false,"template":"","format":"standard","meta":{"footnotes":""},"categories":[19],"tags":[],"class_list":["post-367","post","type-post","status-publish","format-standard","has-post-thumbnail","hentry","category-pro-equipamentos-capes"],"acf":[],"_links":{"self":[{"href":"https:\/\/www.ufsm.br\/pro-reitorias\/prpgp\/multiusuario\/wp-json\/wp\/v2\/posts\/367","targetHints":{"allow":["GET"]}}],"collection":[{"href":"https:\/\/www.ufsm.br\/pro-reitorias\/prpgp\/multiusuario\/wp-json\/wp\/v2\/posts"}],"about":[{"href":"https:\/\/www.ufsm.br\/pro-reitorias\/prpgp\/multiusuario\/wp-json\/wp\/v2\/types\/post"}],"author":[{"embeddable":true,"href":"https:\/\/www.ufsm.br\/pro-reitorias\/prpgp\/multiusuario\/wp-json\/wp\/v2\/users\/25"}],"replies":[{"embeddable":true,"href":"https:\/\/www.ufsm.br\/pro-reitorias\/prpgp\/multiusuario\/wp-json\/wp\/v2\/comments?post=367"}],"version-history":[{"count":0,"href":"https:\/\/www.ufsm.br\/pro-reitorias\/prpgp\/multiusuario\/wp-json\/wp\/v2\/posts\/367\/revisions"}],"wp:featuredmedia":[{"embeddable":true,"href":"https:\/\/www.ufsm.br\/pro-reitorias\/prpgp\/multiusuario\/wp-json\/wp\/v2\/media\/364"}],"wp:attachment":[{"href":"https:\/\/www.ufsm.br\/pro-reitorias\/prpgp\/multiusuario\/wp-json\/wp\/v2\/media?parent=367"}],"wp:term":[{"taxonomy":"category","embeddable":true,"href":"https:\/\/www.ufsm.br\/pro-reitorias\/prpgp\/multiusuario\/wp-json\/wp\/v2\/categories?post=367"},{"taxonomy":"post_tag","embeddable":true,"href":"https:\/\/www.ufsm.br\/pro-reitorias\/prpgp\/multiusuario\/wp-json\/wp\/v2\/tags?post=367"}],"curies":[{"name":"wp","href":"https:\/\/api.w.org\/{rel}","templated":true}]}}