{"id":369,"date":"2017-11-08T18:32:52","date_gmt":"2017-11-08T20:32:52","guid":{"rendered":"https:\/\/www.ufsm.br\/pro-reitorias\/prpgp\/multiusuario\/2017\/11\/08\/eftp-arae-ii-vacuum-fast-tissue-processor-single-chamber\/"},"modified":"2021-12-17T15:06:50","modified_gmt":"2021-12-17T18:06:50","slug":"eftp-arae-ii-vacuum-fast-tissue-processor-single-chamber","status":"publish","type":"post","link":"https:\/\/www.ufsm.br\/pro-reitorias\/prpgp\/multiusuario\/2017\/11\/08\/eftp-arae-ii-vacuum-fast-tissue-processor-single-chamber","title":{"rendered":"EFTP(ARAE II) Vacuum Fast Tissue Processor Single Chamber- Processador de Tecidos"},"content":{"rendered":"<p><strong><span style=\"font-size: 9pt;font-family: Arial, sans-serif\">Descri\u00e7\u00e3o do Equipamento:<\/span><\/strong><span style=\"font-size: 9pt;font-family: Arial, sans-serif\"> EFTP(ARAE II) Vacuum Fast Tissue Processor Single Chamber &#8211; Processador de Tecidos EFTP<\/span><\/p>\n<p><strong><span style=\"font-size: 9pt;font-family: Arial, sans-serif\">N\u00famero Patrim\u00f4nio:<\/span><\/strong><span style=\"font-size: 9pt;font-family: Arial, sans-serif\">\u00a0239929<\/span><\/p>\n<p><strong><span style=\"font-size: 9pt;font-family: Arial, sans-serif\">Localiza\u00e7\u00e3o:<\/span><\/strong><span style=\"font-size: 9pt;font-family: Arial, sans-serif\">LAPBIO &#8211; Sala 4015 A, subsolo do Pr\u00e9dio 20 \/ Campus da UFSM<\/span><\/p>\n<p><strong><span style=\"font-size: 9pt;font-family: Arial, sans-serif\">Respons\u00e1vel pelo equipamento:\u00a0<\/span><\/strong><span style=\"font-size: 9pt;font-family: Arial, sans-serif\">Cristiane Cademartori Danesi<\/span><\/p>\n<p><strong><span style=\"font-size: 9pt;font-family: Arial, sans-serif\">Contato para agendamento:\u00a0<\/span><\/strong><span style=\"font-size: 9pt;font-family: Arial, sans-serif\">Cristiane Cademartori Danesi<\/span><\/p>\n<p><strong><span style=\"font-size: 9pt;font-family: Arial, sans-serif\">Fone para agendamento:<\/span><\/strong><span style=\"font-size: 9pt;font-family: Arial, sans-serif\">(55) 3220 6185 \/ (55)981162421<\/span><\/p>\n<p><strong><span style=\"font-size: 9pt;font-family: Arial, sans-serif\">E-mail para agendamento: <\/span><\/strong><span style=\"font-size: 9pt;font-family: Arial, sans-serif\"><a href=\"mailto:cristianedanesi@gmail.com\">cristianedanesi@gmail.com<\/a><\/span><\/p>\n<p><strong><span style=\"font-size: 9pt;font-family: Arial, sans-serif\">Foto do Equipamento:<\/span><\/strong><\/p>\n<p><strong><span style=\"font-size: 9pt;font-family: Arial, sans-serif\"> <img fetchpriority=\"high\" decoding=\"async\" class=\"alignnone size-medium wp-image-986\" src=\"https:\/\/www.ufsm.br\/app\/uploads\/sites\/775\/2017\/11\/Processador-de-Tecidos-EFTP-170x300.jpg\" alt=\"\" width=\"170\" height=\"300\" srcset=\"https:\/\/www.ufsm.br\/app\/uploads\/sites\/775\/2017\/11\/Processador-de-Tecidos-EFTP-170x300.jpg 170w, https:\/\/www.ufsm.br\/app\/uploads\/sites\/775\/2017\/11\/Processador-de-Tecidos-EFTP-581x1024.jpg 581w, https:\/\/www.ufsm.br\/app\/uploads\/sites\/775\/2017\/11\/Processador-de-Tecidos-EFTP.jpg 694w\" sizes=\"(max-width: 170px) 100vw, 170px\" \/><\/span><\/strong><\/p>\n\n","protected":false},"excerpt":{"rendered":"<p>Descri\u00e7\u00e3o do Equipamento: EFTP(ARAE II) Vacuum Fast Tissue Processor Single Chamber &#8211; Processador de Tecidos EFTP N\u00famero Patrim\u00f4nio:\u00a0239929 Localiza\u00e7\u00e3o:LAPBIO &#8211; Sala 4015 A, subsolo do Pr\u00e9dio 20 \/ Campus da UFSM Respons\u00e1vel pelo equipamento:\u00a0Cristiane Cademartori Danesi Contato para agendamento:\u00a0Cristiane Cademartori Danesi Fone para agendamento:(55) 3220 6185 \/ (55)981162421 E-mail para agendamento: cristianedanesi@gmail.com Foto do Equipamento:<\/p>\n","protected":false},"author":25,"featured_media":1021,"comment_status":"closed","ping_status":"closed","sticky":false,"template":"","format":"standard","meta":{"footnotes":""},"categories":[19],"tags":[],"class_list":["post-369","post","type-post","status-publish","format-standard","has-post-thumbnail","hentry","category-pro-equipamentos-capes"],"acf":[],"_links":{"self":[{"href":"https:\/\/www.ufsm.br\/pro-reitorias\/prpgp\/multiusuario\/wp-json\/wp\/v2\/posts\/369","targetHints":{"allow":["GET"]}}],"collection":[{"href":"https:\/\/www.ufsm.br\/pro-reitorias\/prpgp\/multiusuario\/wp-json\/wp\/v2\/posts"}],"about":[{"href":"https:\/\/www.ufsm.br\/pro-reitorias\/prpgp\/multiusuario\/wp-json\/wp\/v2\/types\/post"}],"author":[{"embeddable":true,"href":"https:\/\/www.ufsm.br\/pro-reitorias\/prpgp\/multiusuario\/wp-json\/wp\/v2\/users\/25"}],"replies":[{"embeddable":true,"href":"https:\/\/www.ufsm.br\/pro-reitorias\/prpgp\/multiusuario\/wp-json\/wp\/v2\/comments?post=369"}],"version-history":[{"count":0,"href":"https:\/\/www.ufsm.br\/pro-reitorias\/prpgp\/multiusuario\/wp-json\/wp\/v2\/posts\/369\/revisions"}],"wp:featuredmedia":[{"embeddable":true,"href":"https:\/\/www.ufsm.br\/pro-reitorias\/prpgp\/multiusuario\/wp-json\/wp\/v2\/media\/1021"}],"wp:attachment":[{"href":"https:\/\/www.ufsm.br\/pro-reitorias\/prpgp\/multiusuario\/wp-json\/wp\/v2\/media?parent=369"}],"wp:term":[{"taxonomy":"category","embeddable":true,"href":"https:\/\/www.ufsm.br\/pro-reitorias\/prpgp\/multiusuario\/wp-json\/wp\/v2\/categories?post=369"},{"taxonomy":"post_tag","embeddable":true,"href":"https:\/\/www.ufsm.br\/pro-reitorias\/prpgp\/multiusuario\/wp-json\/wp\/v2\/tags?post=369"}],"curies":[{"name":"wp","href":"https:\/\/api.w.org\/{rel}","templated":true}]}}