{"id":380,"date":"2017-11-08T18:58:26","date_gmt":"2017-11-08T20:58:26","guid":{"rendered":"https:\/\/www.ufsm.br\/pro-reitorias\/prpgp\/multiusuario\/2017\/11\/08\/nasometer-ii-modelo-6450\/"},"modified":"2017-11-08T18:58:26","modified_gmt":"2017-11-08T20:58:26","slug":"nasometer-ii-modelo-6450","status":"publish","type":"post","link":"https:\/\/www.ufsm.br\/pro-reitorias\/prpgp\/multiusuario\/2017\/11\/08\/nasometer-ii-modelo-6450","title":{"rendered":"Nasometer II \u2013 Modelo 6450"},"content":{"rendered":"<p style=\"font-size: 12.16px;\"><strong><span style=\"font-size: 9pt; font-family: Arial, sans-serif;\">Descri\u00e7\u00e3o do Equipamento:<\/span><\/strong><span style=\"font-size: 9pt; font-family: Arial, sans-serif;\">&nbsp;Nasometer II \u2013 Modelo 6450<\/span><\/p>\n<p style=\"font-size: 12.16px;\"><strong><span style=\"font-size: 9pt; font-family: Arial, sans-serif;\">N\u00famero Patrim\u00f4nio:<\/span><\/strong><span style=\"font-size: 9pt; font-family: Arial, sans-serif;\">&nbsp;206376<\/span><\/p>\n<p style=\"font-size: 12.16px;\"><strong><span style=\"font-size: 9pt; font-family: Arial, sans-serif;\">Localiza\u00e7\u00e3o:<\/span><\/strong><span style=\"font-size: 9pt; font-family: Arial, sans-serif;\">&nbsp;Pr\u00e9dio de Apoio n\u00ba 26 &#8211; Floriano Peixoto &#8211; UFSM, Centro de Estudos de Linguagem e Fala (CELF), Subsolo<\/span><\/p>\n<p style=\"font-size: 12.16px;\"><strong><span style=\"font-size: 9pt; font-family: Arial, sans-serif;\">Respons\u00e1vel pelo equipamento:&nbsp;<\/span><\/strong><span style=\"font-size: 9pt; font-family: Arial, sans-serif;\">Marcia Keske Soares<\/span><\/p>\n<p style=\"font-size: 12.16px;\"><strong><span style=\"font-size: 9pt; font-family: Arial, sans-serif;\">Contato para agendamento:&nbsp;<\/span><\/strong><span style=\"font-size: 9pt; font-family: Arial, sans-serif;\">Marcia Keske Soares<\/span><\/p>\n<p style=\"font-size: 12.16px;\"><strong><span style=\"font-size: 9pt; font-family: Arial, sans-serif;\">Fone para agendamento: <\/span><\/strong><span style=\"font-size: 9pt; font-family: Arial, sans-serif;\">3220-9239<\/span><\/p>\n<p style=\"font-size: 12.16px;\"><strong><span style=\"font-size: 9pt; font-family: Arial, sans-serif;\">E-mail para agendamento:&nbsp;<a style=\"color: #0000cc;\" href=\"mailto:keske-soares@uol.com.br\">&nbsp;<\/a><a style=\"color: #0000cc;\" href=\"mailto:keske-soares@uol.com.br\">&nbsp;<\/a><a href=\"mailto:keske-soares@uol.com.br\">keske-soares@uol.com.br<\/a><\/span><\/strong><\/p>\n","protected":false},"excerpt":{"rendered":"<p>Descri\u00e7\u00e3o do Equipamento:&nbsp;Nasometer II \u2013 Modelo 6450 N\u00famero Patrim\u00f4nio:&nbsp;206376 Localiza\u00e7\u00e3o:&nbsp;Pr\u00e9dio de Apoio n\u00ba 26 &#8211; Floriano Peixoto &#8211; UFSM, Centro de Estudos de Linguagem e Fala (CELF), Subsolo Respons\u00e1vel pelo equipamento:&nbsp;Marcia Keske Soares Contato para agendamento:&nbsp;Marcia Keske Soares Fone para agendamento: 3220-9239 E-mail para agendamento:&nbsp;&nbsp;&nbsp;keske-soares@uol.com.br<\/p>\n","protected":false},"author":25,"featured_media":0,"comment_status":"closed","ping_status":"closed","sticky":false,"template":"","format":"standard","meta":{"footnotes":""},"categories":[19],"tags":[],"class_list":["post-380","post","type-post","status-publish","format-standard","hentry","category-pro-equipamentos-capes"],"acf":[],"_links":{"self":[{"href":"https:\/\/www.ufsm.br\/pro-reitorias\/prpgp\/multiusuario\/wp-json\/wp\/v2\/posts\/380","targetHints":{"allow":["GET"]}}],"collection":[{"href":"https:\/\/www.ufsm.br\/pro-reitorias\/prpgp\/multiusuario\/wp-json\/wp\/v2\/posts"}],"about":[{"href":"https:\/\/www.ufsm.br\/pro-reitorias\/prpgp\/multiusuario\/wp-json\/wp\/v2\/types\/post"}],"author":[{"embeddable":true,"href":"https:\/\/www.ufsm.br\/pro-reitorias\/prpgp\/multiusuario\/wp-json\/wp\/v2\/users\/25"}],"replies":[{"embeddable":true,"href":"https:\/\/www.ufsm.br\/pro-reitorias\/prpgp\/multiusuario\/wp-json\/wp\/v2\/comments?post=380"}],"version-history":[{"count":0,"href":"https:\/\/www.ufsm.br\/pro-reitorias\/prpgp\/multiusuario\/wp-json\/wp\/v2\/posts\/380\/revisions"}],"wp:attachment":[{"href":"https:\/\/www.ufsm.br\/pro-reitorias\/prpgp\/multiusuario\/wp-json\/wp\/v2\/media?parent=380"}],"wp:term":[{"taxonomy":"category","embeddable":true,"href":"https:\/\/www.ufsm.br\/pro-reitorias\/prpgp\/multiusuario\/wp-json\/wp\/v2\/categories?post=380"},{"taxonomy":"post_tag","embeddable":true,"href":"https:\/\/www.ufsm.br\/pro-reitorias\/prpgp\/multiusuario\/wp-json\/wp\/v2\/tags?post=380"}],"curies":[{"name":"wp","href":"https:\/\/api.w.org\/{rel}","templated":true}]}}