{"id":382,"date":"2017-11-08T19:04:05","date_gmt":"2017-11-08T21:04:05","guid":{"rendered":"https:\/\/www.ufsm.br\/pro-reitorias\/prpgp\/multiusuario\/2017\/11\/08\/aparelho-de-endoscopia-xenolux-xl-18\/"},"modified":"2021-12-03T11:59:30","modified_gmt":"2021-12-03T14:59:30","slug":"aparelho-de-endoscopia-xenolux-xl-18","status":"publish","type":"post","link":"https:\/\/www.ufsm.br\/pro-reitorias\/prpgp\/multiusuario\/2017\/11\/08\/aparelho-de-endoscopia-xenolux-xl-18","title":{"rendered":"Aparelho de Endoscopia, XENOLUX, XL 18"},"content":{"rendered":"<p><strong><span style=\"font-size: 9pt;font-family: Arial, sans-serif\">Descri\u00e7\u00e3o do Equipamento:<\/span><\/strong><span style=\"font-size: 9pt;font-family: Arial, sans-serif\">\u00a0Aparelho de Endoscopia, XENOLUX, XL 18<\/span><\/p>\n<p><strong><span style=\"font-size: 9pt;font-family: Arial, sans-serif\">N\u00famero Patrim\u00f4nio:<\/span><\/strong><span style=\"font-size: 9pt;font-family: Arial, sans-serif\">\u00a0167920 e 167921<\/span><\/p>\n<p><strong><span style=\"font-size: 9pt;font-family: Arial, sans-serif\">Localiza\u00e7\u00e3o:\u00a0<\/span><\/strong><span style=\"font-size: 9pt;font-family: Arial, sans-serif\">Servi\u00e7o de Atendimento Fonoaudiol\u00f3gico (SAF) Sala 186, Pr\u00e9dio 26E<\/span><\/p>\n<p><strong><span style=\"font-size: 9pt;font-family: Arial, sans-serif\">Respons\u00e1vel pelo equipamento:\u00a0<\/span><\/strong><span style=\"font-size: 9pt;font-family: Arial, sans-serif\">Carolina Lisboa Mezzomo<\/span><\/p>\n<p><strong><span style=\"font-size: 9pt;font-family: Arial, sans-serif\">Contato para agendamento:\u00a0<\/span><\/strong><span style=\"font-size: 9pt;font-family: Arial, sans-serif\">Carolina Lisboa Mezzomo<\/span><\/p>\n<p><strong><span style=\"font-size: 9pt;font-family: Arial, sans-serif\">Fone para agendamento: <\/span><\/strong><span style=\"font-size: 9pt;font-family: Arial, sans-serif\">3220-9239<\/span><\/p>\n<p><strong><span style=\"font-size: 9pt;font-family: Arial, sans-serif\">E-mail para agendamento:\u00a0<\/span><\/strong><span style=\"font-size: 9pt;font-family: Arial, sans-serif\"><a href=\"mailto:saffono@ufsm.br\">saffono@ufsm.br<\/a><\/span><\/p>\n<p><strong><span style=\"font-size: 9pt;font-family: Arial, sans-serif\">Foto do Equipamento:<\/span><\/strong><\/p>\n<p><img fetchpriority=\"high\" decoding=\"async\" class=\"alignnone size-full wp-image-1036\" src=\"https:\/\/www.ufsm.br\/app\/uploads\/sites\/775\/2017\/11\/Aparelho-de-Endoscopia-167920.jpg\" alt=\"\" width=\"300\" height=\"225\" \/> <img decoding=\"async\" class=\"alignnone size-medium wp-image-1037\" src=\"https:\/\/www.ufsm.br\/app\/uploads\/sites\/775\/2017\/11\/Aparelho-de-Endoscopia-167921.jpg\" alt=\"\" width=\"300\" height=\"168\" \/><\/p>\n","protected":false},"excerpt":{"rendered":"<p>Descri\u00e7\u00e3o do Equipamento:\u00a0Aparelho de Endoscopia, XENOLUX, XL 18 N\u00famero Patrim\u00f4nio:\u00a0167920 e 167921 Localiza\u00e7\u00e3o:\u00a0Servi\u00e7o de Atendimento Fonoaudiol\u00f3gico (SAF) Sala 186, Pr\u00e9dio 26E Respons\u00e1vel pelo equipamento:\u00a0Carolina Lisboa Mezzomo Contato para agendamento:\u00a0Carolina Lisboa Mezzomo Fone para agendamento: 3220-9239 E-mail para agendamento:\u00a0saffono@ufsm.br Foto do Equipamento:<\/p>\n","protected":false},"author":25,"featured_media":1036,"comment_status":"closed","ping_status":"closed","sticky":false,"template":"","format":"standard","meta":{"footnotes":""},"categories":[19],"tags":[],"class_list":["post-382","post","type-post","status-publish","format-standard","has-post-thumbnail","hentry","category-pro-equipamentos-capes"],"acf":[],"_links":{"self":[{"href":"https:\/\/www.ufsm.br\/pro-reitorias\/prpgp\/multiusuario\/wp-json\/wp\/v2\/posts\/382","targetHints":{"allow":["GET"]}}],"collection":[{"href":"https:\/\/www.ufsm.br\/pro-reitorias\/prpgp\/multiusuario\/wp-json\/wp\/v2\/posts"}],"about":[{"href":"https:\/\/www.ufsm.br\/pro-reitorias\/prpgp\/multiusuario\/wp-json\/wp\/v2\/types\/post"}],"author":[{"embeddable":true,"href":"https:\/\/www.ufsm.br\/pro-reitorias\/prpgp\/multiusuario\/wp-json\/wp\/v2\/users\/25"}],"replies":[{"embeddable":true,"href":"https:\/\/www.ufsm.br\/pro-reitorias\/prpgp\/multiusuario\/wp-json\/wp\/v2\/comments?post=382"}],"version-history":[{"count":0,"href":"https:\/\/www.ufsm.br\/pro-reitorias\/prpgp\/multiusuario\/wp-json\/wp\/v2\/posts\/382\/revisions"}],"wp:featuredmedia":[{"embeddable":true,"href":"https:\/\/www.ufsm.br\/pro-reitorias\/prpgp\/multiusuario\/wp-json\/wp\/v2\/media\/1036"}],"wp:attachment":[{"href":"https:\/\/www.ufsm.br\/pro-reitorias\/prpgp\/multiusuario\/wp-json\/wp\/v2\/media?parent=382"}],"wp:term":[{"taxonomy":"category","embeddable":true,"href":"https:\/\/www.ufsm.br\/pro-reitorias\/prpgp\/multiusuario\/wp-json\/wp\/v2\/categories?post=382"},{"taxonomy":"post_tag","embeddable":true,"href":"https:\/\/www.ufsm.br\/pro-reitorias\/prpgp\/multiusuario\/wp-json\/wp\/v2\/tags?post=382"}],"curies":[{"name":"wp","href":"https:\/\/api.w.org\/{rel}","templated":true}]}}