{"id":401,"date":"2017-11-08T19:25:04","date_gmt":"2017-11-08T21:25:04","guid":{"rendered":"https:\/\/www.ufsm.br\/pro-reitorias\/prpgp\/multiusuario\/2017\/11\/08\/lci-sd-sistema-completo-portatil-com-controle-de-microclima-para-medida-de-fotossintese\/"},"modified":"2021-12-17T15:49:07","modified_gmt":"2021-12-17T18:49:07","slug":"lci-sd-sistema-completo-portatil-com-controle-de-microclima-para-medida-de-fotossintese","status":"publish","type":"post","link":"https:\/\/www.ufsm.br\/pro-reitorias\/prpgp\/multiusuario\/2017\/11\/08\/lci-sd-sistema-completo-portatil-com-controle-de-microclima-para-medida-de-fotossintese","title":{"rendered":"LCI-SD Sistema Completo Port\u00e1til, com controle de microclima para medida de fotoss\u00edntese"},"content":{"rendered":"<p><strong><span style=\"font-size: 9pt;font-family: Arial, sans-serif\">Descri\u00e7\u00e3o do Equipamento:<\/span><\/strong><span style=\"font-size: 9pt;font-family: Arial, sans-serif\">\u00a0LCI-SD Sistema Completo Port\u00e1til, com controle de microclima para medida de fotoss\u00edntese<\/span><\/p>\n<p><strong><span style=\"font-size: 9pt;font-family: Arial, sans-serif\">N\u00famero Patrim\u00f4nio:<\/span><\/strong><span style=\"font-size: 9pt;font-family: Arial, sans-serif\">\u00a0202687<\/span><\/p>\n<p><strong><span style=\"font-size: 9pt;font-family: Arial, sans-serif\">Localiza\u00e7\u00e3o:\u00a0<\/span><\/strong><span style=\"font-size: 9pt;font-family: Arial, sans-serif\">Laborat\u00f3rio de Agrometeorolgia &#8211; Pr\u00e9dio 77, Sala 02 &#8211; Departamento de Fitotecnia<\/span><\/p>\n<p><strong><span style=\"font-size: 9pt;font-family: Arial, sans-serif\">Respons\u00e1vel pelo equipamento:\u00a0<\/span><\/strong><span style=\"font-size: 9pt;font-family: Arial, sans-serif\">Nereu Augusto Streck<\/span><\/p>\n<p><strong><span style=\"font-size: 9pt;font-family: Arial, sans-serif\">Contato para agendamento:\u00a0<\/span><\/strong><span style=\"font-size: 9pt;font-family: Arial, sans-serif\">Nereu Augusto Streck<\/span><\/p>\n<p><strong><span style=\"font-size: 9pt;font-family: Arial, sans-serif\">Fone para agendamento: <\/span><\/strong><span style=\"font-size: 9pt;font-family: Arial, sans-serif\">55 <\/span><span style=\"font-size: 9pt;font-family: Arial, sans-serif\">3220 8899 subramal 217 ou 55 99971 4615<\/span><\/p>\n<p><strong><span style=\"font-size: 9pt;font-family: Arial, sans-serif\">E-mail para agendamento:\u00a0<\/span><\/strong><span style=\"font-size: 9pt;font-family: Arial, sans-serif\"><a href=\"mailto:nstreck2@yahoo.com.br\">nstreck2@yahoo.com.br<\/a><\/span><\/p>\n<p><strong><span style=\"font-size: 9pt;font-family: Arial, sans-serif\">Foto do equipamento:<\/span><\/strong><\/p>\n<p><img fetchpriority=\"high\" decoding=\"async\" class=\"alignnone size-medium wp-image-965 alignleft\" src=\"https:\/\/www.ufsm.br\/app\/uploads\/sites\/775\/2017\/11\/WhatsApp-Image-2021-07-28-at-16.52.09-300x225.jpeg\" alt=\"\" width=\"300\" height=\"225\" srcset=\"https:\/\/www.ufsm.br\/app\/uploads\/sites\/775\/2017\/11\/WhatsApp-Image-2021-07-28-at-16.52.09-300x225.jpeg 300w, https:\/\/www.ufsm.br\/app\/uploads\/sites\/775\/2017\/11\/WhatsApp-Image-2021-07-28-at-16.52.09-1024x769.jpeg 1024w, https:\/\/www.ufsm.br\/app\/uploads\/sites\/775\/2017\/11\/WhatsApp-Image-2021-07-28-at-16.52.09-768x577.jpeg 768w, https:\/\/www.ufsm.br\/app\/uploads\/sites\/775\/2017\/11\/WhatsApp-Image-2021-07-28-at-16.52.09.jpeg 1156w\" sizes=\"(max-width: 300px) 100vw, 300px\" \/><\/p>\n","protected":false},"excerpt":{"rendered":"<p>Descri\u00e7\u00e3o do Equipamento:\u00a0LCI-SD Sistema Completo Port\u00e1til, com controle de microclima para medida de fotoss\u00edntese N\u00famero Patrim\u00f4nio:\u00a0202687 Localiza\u00e7\u00e3o:\u00a0Laborat\u00f3rio de Agrometeorolgia &#8211; Pr\u00e9dio 77, Sala 02 &#8211; Departamento de Fitotecnia Respons\u00e1vel pelo equipamento:\u00a0Nereu Augusto Streck Contato para agendamento:\u00a0Nereu Augusto Streck Fone para agendamento: 55 3220 8899 subramal 217 ou 55 99971 4615 E-mail para agendamento:\u00a0nstreck2@yahoo.com.br Foto do [&hellip;]<\/p>\n","protected":false},"author":25,"featured_media":965,"comment_status":"closed","ping_status":"closed","sticky":false,"template":"","format":"standard","meta":{"footnotes":""},"categories":[19],"tags":[],"class_list":["post-401","post","type-post","status-publish","format-standard","has-post-thumbnail","hentry","category-pro-equipamentos-capes"],"acf":[],"_links":{"self":[{"href":"https:\/\/www.ufsm.br\/pro-reitorias\/prpgp\/multiusuario\/wp-json\/wp\/v2\/posts\/401","targetHints":{"allow":["GET"]}}],"collection":[{"href":"https:\/\/www.ufsm.br\/pro-reitorias\/prpgp\/multiusuario\/wp-json\/wp\/v2\/posts"}],"about":[{"href":"https:\/\/www.ufsm.br\/pro-reitorias\/prpgp\/multiusuario\/wp-json\/wp\/v2\/types\/post"}],"author":[{"embeddable":true,"href":"https:\/\/www.ufsm.br\/pro-reitorias\/prpgp\/multiusuario\/wp-json\/wp\/v2\/users\/25"}],"replies":[{"embeddable":true,"href":"https:\/\/www.ufsm.br\/pro-reitorias\/prpgp\/multiusuario\/wp-json\/wp\/v2\/comments?post=401"}],"version-history":[{"count":0,"href":"https:\/\/www.ufsm.br\/pro-reitorias\/prpgp\/multiusuario\/wp-json\/wp\/v2\/posts\/401\/revisions"}],"wp:featuredmedia":[{"embeddable":true,"href":"https:\/\/www.ufsm.br\/pro-reitorias\/prpgp\/multiusuario\/wp-json\/wp\/v2\/media\/965"}],"wp:attachment":[{"href":"https:\/\/www.ufsm.br\/pro-reitorias\/prpgp\/multiusuario\/wp-json\/wp\/v2\/media?parent=401"}],"wp:term":[{"taxonomy":"category","embeddable":true,"href":"https:\/\/www.ufsm.br\/pro-reitorias\/prpgp\/multiusuario\/wp-json\/wp\/v2\/categories?post=401"},{"taxonomy":"post_tag","embeddable":true,"href":"https:\/\/www.ufsm.br\/pro-reitorias\/prpgp\/multiusuario\/wp-json\/wp\/v2\/tags?post=401"}],"curies":[{"name":"wp","href":"https:\/\/api.w.org\/{rel}","templated":true}]}}