{"id":402,"date":"2017-11-08T19:26:57","date_gmt":"2017-11-08T21:26:57","guid":{"rendered":"https:\/\/www.ufsm.br\/pro-reitorias\/prpgp\/multiusuario\/2017\/11\/08\/hyprop-s-conjunto-para-determinacao-da-curva-de-retencao-do-solo-e-a-condutividade-saturada-com-anel-de-amostragem-incluido\/"},"modified":"2021-12-17T15:45:22","modified_gmt":"2021-12-17T18:45:22","slug":"hyprop-s-conjunto-para-determinacao-da-curva-de-retencao-do-solo-e-a-condutividade-saturada-com-anel-de-amostragem-incluido","status":"publish","type":"post","link":"https:\/\/www.ufsm.br\/pro-reitorias\/prpgp\/multiusuario\/2017\/11\/08\/hyprop-s-conjunto-para-determinacao-da-curva-de-retencao-do-solo-e-a-condutividade-saturada-com-anel-de-amostragem-incluido","title":{"rendered":"HYPROP-S"},"content":{"rendered":"<p><strong><span style=\"font-size: 9pt;font-family: Arial, sans-serif\">Descri\u00e7\u00e3o do Equipamento:<\/span><\/strong><span style=\"font-size: 9pt;font-family: Arial, sans-serif\">\u00a0HYPROP-S \u2013 Conjunto para determina\u00e7\u00e3o da curva de reten\u00e7\u00e3o do solo e a condutividade saturada, com anel de amostragem inclu\u00eddo<\/span><\/p>\n<p><strong><span style=\"font-size: 9pt;font-family: Arial, sans-serif\">N\u00famero Patrim\u00f4nio:<\/span><\/strong><span style=\"font-size: 9pt;font-family: Arial, sans-serif\">\u00a0195112<\/span><\/p>\n<p><strong><span style=\"font-size: 9pt;font-family: Arial, sans-serif\">Localiza\u00e7\u00e3o:\u00a0<\/span><\/strong><span style=\"font-size: 9pt;font-family: Arial, sans-serif\">Pr\u00e9dio 42, Sala 3009 \u2013 Laborat\u00f3rio de Hidr\u00e1ulica Agr\u00edcola<\/span><\/p>\n<p><strong><span style=\"font-size: 9pt;font-family: Arial, sans-serif\">Respons\u00e1vel pelo equipamento:\u00a0<\/span><\/strong><span style=\"font-size: 9pt;font-family: Arial, sans-serif\">Marcia Xavier Peiter e\u00a0 Adroaldo Dias Robaina<\/span><\/p>\n<p><strong><span style=\"font-size: 9pt;font-family: Arial, sans-serif\">Contato para agendamento:\u00a0<\/span><\/strong><span style=\"font-size: 9pt;font-family: Arial, sans-serif\">Marcia Xavier Peiter e\u00a0 Adroaldo Dias Robaina<\/span><\/p>\n<p><strong><span style=\"font-size: 9pt;font-family: Arial, sans-serif\">Fone para agendamento: <\/span><\/strong><span style=\"font-size: 9pt;font-family: Arial, sans-serif\">3220-9386 ou 3220-9663<\/span><\/p>\n<p><strong><span style=\"font-size: 9pt;font-family: Arial, sans-serif\">E-mail para agendamento:\u00a0<\/span><\/strong><span style=\"font-size: 9pt;font-family: Arial, sans-serif\"><a href=\"mailto:diasrobaina@gmail.com\">diasrobaina@gmail.com<\/a><\/span><\/p>\n<p><strong><span style=\"font-size: 9pt;font-family: Arial, sans-serif\">Foto do equipamento:<\/span><\/strong><\/p>\n<p><img fetchpriority=\"high\" decoding=\"async\" class=\"alignnone size-medium wp-image-931 alignleft\" src=\"https:\/\/www.ufsm.br\/app\/uploads\/sites\/775\/2017\/11\/HYPROP-ABERTO-300x169.jpeg\" alt=\"\" width=\"300\" height=\"169\" srcset=\"https:\/\/www.ufsm.br\/app\/uploads\/sites\/775\/2017\/11\/HYPROP-ABERTO-300x169.jpeg 300w, https:\/\/www.ufsm.br\/app\/uploads\/sites\/775\/2017\/11\/HYPROP-ABERTO-1024x576.jpeg 1024w, https:\/\/www.ufsm.br\/app\/uploads\/sites\/775\/2017\/11\/HYPROP-ABERTO-768x432.jpeg 768w, https:\/\/www.ufsm.br\/app\/uploads\/sites\/775\/2017\/11\/HYPROP-ABERTO.jpeg 1032w\" sizes=\"(max-width: 300px) 100vw, 300px\" \/><\/p>\n","protected":false},"excerpt":{"rendered":"<p>Descri\u00e7\u00e3o do Equipamento:\u00a0HYPROP-S \u2013 Conjunto para determina\u00e7\u00e3o da curva de reten\u00e7\u00e3o do solo e a condutividade saturada, com anel de amostragem inclu\u00eddo N\u00famero Patrim\u00f4nio:\u00a0195112 Localiza\u00e7\u00e3o:\u00a0Pr\u00e9dio 42, Sala 3009 \u2013 Laborat\u00f3rio de Hidr\u00e1ulica Agr\u00edcola Respons\u00e1vel pelo equipamento:\u00a0Marcia Xavier Peiter e\u00a0 Adroaldo Dias Robaina Contato para agendamento:\u00a0Marcia Xavier Peiter e\u00a0 Adroaldo Dias Robaina Fone para agendamento: 3220-9386 [&hellip;]<\/p>\n","protected":false},"author":25,"featured_media":931,"comment_status":"closed","ping_status":"closed","sticky":false,"template":"","format":"standard","meta":{"footnotes":""},"categories":[19],"tags":[],"class_list":["post-402","post","type-post","status-publish","format-standard","has-post-thumbnail","hentry","category-pro-equipamentos-capes"],"acf":[],"_links":{"self":[{"href":"https:\/\/www.ufsm.br\/pro-reitorias\/prpgp\/multiusuario\/wp-json\/wp\/v2\/posts\/402","targetHints":{"allow":["GET"]}}],"collection":[{"href":"https:\/\/www.ufsm.br\/pro-reitorias\/prpgp\/multiusuario\/wp-json\/wp\/v2\/posts"}],"about":[{"href":"https:\/\/www.ufsm.br\/pro-reitorias\/prpgp\/multiusuario\/wp-json\/wp\/v2\/types\/post"}],"author":[{"embeddable":true,"href":"https:\/\/www.ufsm.br\/pro-reitorias\/prpgp\/multiusuario\/wp-json\/wp\/v2\/users\/25"}],"replies":[{"embeddable":true,"href":"https:\/\/www.ufsm.br\/pro-reitorias\/prpgp\/multiusuario\/wp-json\/wp\/v2\/comments?post=402"}],"version-history":[{"count":0,"href":"https:\/\/www.ufsm.br\/pro-reitorias\/prpgp\/multiusuario\/wp-json\/wp\/v2\/posts\/402\/revisions"}],"wp:featuredmedia":[{"embeddable":true,"href":"https:\/\/www.ufsm.br\/pro-reitorias\/prpgp\/multiusuario\/wp-json\/wp\/v2\/media\/931"}],"wp:attachment":[{"href":"https:\/\/www.ufsm.br\/pro-reitorias\/prpgp\/multiusuario\/wp-json\/wp\/v2\/media?parent=402"}],"wp:term":[{"taxonomy":"category","embeddable":true,"href":"https:\/\/www.ufsm.br\/pro-reitorias\/prpgp\/multiusuario\/wp-json\/wp\/v2\/categories?post=402"},{"taxonomy":"post_tag","embeddable":true,"href":"https:\/\/www.ufsm.br\/pro-reitorias\/prpgp\/multiusuario\/wp-json\/wp\/v2\/tags?post=402"}],"curies":[{"name":"wp","href":"https:\/\/api.w.org\/{rel}","templated":true}]}}