{"id":407,"date":"2017-11-08T19:32:22","date_gmt":"2017-11-08T21:32:22","guid":{"rendered":"https:\/\/www.ufsm.br\/pro-reitorias\/prpgp\/multiusuario\/2017\/11\/08\/estufa-incubadora-microprocessada-para-bod\/"},"modified":"2017-11-08T19:32:22","modified_gmt":"2017-11-08T21:32:22","slug":"estufa-incubadora-microprocessada-para-bod","status":"publish","type":"post","link":"https:\/\/www.ufsm.br\/pro-reitorias\/prpgp\/multiusuario\/2017\/11\/08\/estufa-incubadora-microprocessada-para-bod","title":{"rendered":"Estufa Incubadora Microprocessada para BOD"},"content":{"rendered":"<p><strong><span style=\"font-size: 9pt; font-family: Arial, sans-serif;\">Descri\u00e7\u00e3o do Equipamento:<\/span><\/strong><span style=\"font-size: 9pt; font-family: Arial, sans-serif;\">&nbsp;Estufa Incubadora Microprocessada para BOD (4 unidades)<\/span><\/p>\n<p><strong><span style=\"font-size: 9pt; font-family: Arial, sans-serif;\">N\u00famero Patrim\u00f4nio:<\/span><\/strong><span style=\"font-size: 9pt; font-family: Arial, sans-serif;\">&nbsp;200526, 200528, 200529 e 200530<\/span><\/p>\n<p><strong><span style=\"font-size: 9pt; font-family: Arial, sans-serif;\">Localiza\u00e7\u00e3o:&nbsp;<\/span><\/strong><span style=\"font-size: 9pt; font-family: Arial, sans-serif;\">Laborat\u00f3rio de Manejo Integrado de Pragas (LabMIP) Pr\u00e9dio 44G<\/span><\/p>\n<p><strong><span style=\"font-size: 9pt; font-family: Arial, sans-serif;\">Respons\u00e1vel pelo equipamento:&nbsp;<\/span><\/strong><span style=\"font-size: 9pt; font-family: Arial, sans-serif;\">Jerson Car\u00fas Guedes<\/span><\/p>\n<p><strong><span style=\"font-size: 9pt; font-family: Arial, sans-serif;\">Contato para agendamento:&nbsp;<\/span><\/strong><span style=\"font-size: 9pt; font-family: Arial, sans-serif;\">Gustavo Ugalde<\/span><\/p>\n<p><strong><span style=\"font-size: 9pt; font-family: Arial, sans-serif;\">Fone para agendamento:<\/span><\/strong><span style=\"font-size: 9pt; font-family: Arial, sans-serif;\">&nbsp;81131747 (Jerson Guedes)<\/span><\/p>\n<p><strong><span style=\"font-size: 9pt; font-family: Arial, sans-serif;\">E-mail para agendamento:&nbsp;<a href=\"mailto:jerson.guedes@gmail.com\">jerson.guedes@gmail.com<\/a> e <a href=\"mailto:gustavo.ubalde@ufsm.br\">gustavo.ubalde@ufsm.br<\/a><a href=\"mailto:gustavo.ubalde@ufsm.br\">&nbsp;<\/a><\/span><\/strong><\/p>\n<p><strong><span style=\"font-size: 9pt; font-family: Arial, sans-serif;\">Foto dos Equipamentos:<\/span><\/strong><\/p>\n<p><img fetchpriority=\"high\" decoding=\"async\" class=\" size-full wp-image-403\" src=\"https:\/\/www.ufsm.br\/pro-reitorias\/prpgp\/multiusuario\/wp-content\/uploads\/sites\/775\/2017\/11\/images_equipamentos_CAPES_Estufa-incubadora-200526.jpg\" alt=\"Estufa incubadora 200526\" width=\"300\" height=\"400\" srcset=\"https:\/\/www.ufsm.br\/app\/uploads\/sites\/775\/2017\/11\/images_equipamentos_CAPES_Estufa-incubadora-200526.jpg 300w, https:\/\/www.ufsm.br\/app\/uploads\/sites\/775\/2017\/11\/images_equipamentos_CAPES_Estufa-incubadora-200526-225x300.jpg 225w\" sizes=\"(max-width: 300px) 100vw, 300px\" \/><\/p>\n<p><img decoding=\"async\" class=\" size-full wp-image-404\" src=\"https:\/\/www.ufsm.br\/pro-reitorias\/prpgp\/multiusuario\/wp-content\/uploads\/sites\/775\/2017\/11\/images_equipamentos_CAPES_Estufa-incubadora-200528.jpg\" alt=\"Estufa incubadora  200528\" width=\"300\" height=\"400\" srcset=\"https:\/\/www.ufsm.br\/app\/uploads\/sites\/775\/2017\/11\/images_equipamentos_CAPES_Estufa-incubadora-200528.jpg 300w, https:\/\/www.ufsm.br\/app\/uploads\/sites\/775\/2017\/11\/images_equipamentos_CAPES_Estufa-incubadora-200528-225x300.jpg 225w\" sizes=\"(max-width: 300px) 100vw, 300px\" \/><\/p>\n<p><img decoding=\"async\" class=\" size-full wp-image-405\" src=\"https:\/\/www.ufsm.br\/pro-reitorias\/prpgp\/multiusuario\/wp-content\/uploads\/sites\/775\/2017\/11\/images_equipamentos_CAPES_Estufa-incubadora-200529.jpg\" alt=\"Estufa incubadora 200529\" width=\"300\" height=\"400\" srcset=\"https:\/\/www.ufsm.br\/app\/uploads\/sites\/775\/2017\/11\/images_equipamentos_CAPES_Estufa-incubadora-200529.jpg 300w, https:\/\/www.ufsm.br\/app\/uploads\/sites\/775\/2017\/11\/images_equipamentos_CAPES_Estufa-incubadora-200529-225x300.jpg 225w\" sizes=\"(max-width: 300px) 100vw, 300px\" \/><\/p>\n<p><img loading=\"lazy\" decoding=\"async\" class=\" size-full wp-image-406\" src=\"https:\/\/www.ufsm.br\/pro-reitorias\/prpgp\/multiusuario\/wp-content\/uploads\/sites\/775\/2017\/11\/images_equipamentos_CAPES_Estufa-incubadora-200530.jpg\" alt=\"Estufa incubadora 200530\" width=\"300\" height=\"400\" srcset=\"https:\/\/www.ufsm.br\/app\/uploads\/sites\/775\/2017\/11\/images_equipamentos_CAPES_Estufa-incubadora-200530.jpg 300w, https:\/\/www.ufsm.br\/app\/uploads\/sites\/775\/2017\/11\/images_equipamentos_CAPES_Estufa-incubadora-200530-225x300.jpg 225w\" sizes=\"(max-width: 300px) 100vw, 300px\" \/><\/p>\n<p>&nbsp;<\/p>\n<p>&nbsp;<\/p>\n<p>&nbsp;<\/p>\n<p>&nbsp;<\/p>\n<p>&nbsp;<\/p>\n","protected":false},"excerpt":{"rendered":"<p>Descri\u00e7\u00e3o do Equipamento:&nbsp;Estufa Incubadora Microprocessada para BOD (4 unidades) N\u00famero Patrim\u00f4nio:&nbsp;200526, 200528, 200529 e 200530 Localiza\u00e7\u00e3o:&nbsp;Laborat\u00f3rio de Manejo Integrado de Pragas (LabMIP) Pr\u00e9dio 44G Respons\u00e1vel pelo equipamento:&nbsp;Jerson Car\u00fas Guedes Contato para agendamento:&nbsp;Gustavo Ugalde Fone para agendamento:&nbsp;81131747 (Jerson Guedes) E-mail para agendamento:&nbsp;jerson.guedes@gmail.com e gustavo.ubalde@ufsm.br&nbsp; Foto dos Equipamentos: &nbsp; &nbsp; &nbsp; &nbsp; &nbsp;<\/p>\n","protected":false},"author":25,"featured_media":403,"comment_status":"closed","ping_status":"closed","sticky":false,"template":"","format":"standard","meta":{"footnotes":""},"categories":[19],"tags":[],"class_list":["post-407","post","type-post","status-publish","format-standard","has-post-thumbnail","hentry","category-pro-equipamentos-capes"],"acf":[],"_links":{"self":[{"href":"https:\/\/www.ufsm.br\/pro-reitorias\/prpgp\/multiusuario\/wp-json\/wp\/v2\/posts\/407","targetHints":{"allow":["GET"]}}],"collection":[{"href":"https:\/\/www.ufsm.br\/pro-reitorias\/prpgp\/multiusuario\/wp-json\/wp\/v2\/posts"}],"about":[{"href":"https:\/\/www.ufsm.br\/pro-reitorias\/prpgp\/multiusuario\/wp-json\/wp\/v2\/types\/post"}],"author":[{"embeddable":true,"href":"https:\/\/www.ufsm.br\/pro-reitorias\/prpgp\/multiusuario\/wp-json\/wp\/v2\/users\/25"}],"replies":[{"embeddable":true,"href":"https:\/\/www.ufsm.br\/pro-reitorias\/prpgp\/multiusuario\/wp-json\/wp\/v2\/comments?post=407"}],"version-history":[{"count":0,"href":"https:\/\/www.ufsm.br\/pro-reitorias\/prpgp\/multiusuario\/wp-json\/wp\/v2\/posts\/407\/revisions"}],"wp:featuredmedia":[{"embeddable":true,"href":"https:\/\/www.ufsm.br\/pro-reitorias\/prpgp\/multiusuario\/wp-json\/wp\/v2\/media\/403"}],"wp:attachment":[{"href":"https:\/\/www.ufsm.br\/pro-reitorias\/prpgp\/multiusuario\/wp-json\/wp\/v2\/media?parent=407"}],"wp:term":[{"taxonomy":"category","embeddable":true,"href":"https:\/\/www.ufsm.br\/pro-reitorias\/prpgp\/multiusuario\/wp-json\/wp\/v2\/categories?post=407"},{"taxonomy":"post_tag","embeddable":true,"href":"https:\/\/www.ufsm.br\/pro-reitorias\/prpgp\/multiusuario\/wp-json\/wp\/v2\/tags?post=407"}],"curies":[{"name":"wp","href":"https:\/\/api.w.org\/{rel}","templated":true}]}}