{"id":422,"date":"2017-11-08T19:47:14","date_gmt":"2017-11-08T21:47:14","guid":{"rendered":"https:\/\/www.ufsm.br\/pro-reitorias\/prpgp\/multiusuario\/2017\/11\/08\/porometro-ap4-completo\/"},"modified":"2021-12-22T12:14:45","modified_gmt":"2021-12-22T15:14:45","slug":"porometro-ap4-completo","status":"publish","type":"post","link":"https:\/\/www.ufsm.br\/pro-reitorias\/prpgp\/multiusuario\/2017\/11\/08\/porometro-ap4-completo","title":{"rendered":"Por\u00f4metro Digital, NS 126\/06, modelo AP4, marca Delta"},"content":{"rendered":"<p><strong><span style=\"font-size: 9pt;font-family: Arial, sans-serif\">Descri\u00e7\u00e3o do Equipamento:<\/span><\/strong><span style=\"font-size: 9pt;font-family: Arial, sans-serif\"> Por\u00f4metro Digital, NS 126\/06, modelo AP4, marca Delta<\/span><\/p>\n<p><strong><span style=\"font-size: 9pt;font-family: Arial, sans-serif\">N\u00famero Patrim\u00f4nio:<\/span><\/strong><span style=\"font-size: 9pt;font-family: Arial, sans-serif\">\u00a0224539<\/span><\/p>\n<p><strong><span style=\"font-size: 9pt;font-family: Arial, sans-serif\">Localiza\u00e7\u00e3o: <\/span><\/strong><span style=\"font-size: 9pt;font-family: Arial, sans-serif\">Laborat\u00f3rio de Agrometeorologia, Departamento de Fitotecnia<\/span><\/p>\n<p><strong><span style=\"font-size: 9pt;font-family: Arial, sans-serif\">Respons\u00e1vel pelo equipamento: <\/span><\/strong><span style=\"font-size: 9pt;font-family: Arial, sans-serif\">Astor Henrique Nied<\/span><\/p>\n<p><strong><span style=\"font-size: 9pt;font-family: Arial, sans-serif\">Contato para agendamento: <\/span><\/strong><span style=\"font-size: 9pt;font-family: Arial, sans-serif\">Astor Henrique Nied<\/span><\/p>\n<p><strong><span style=\"font-size: 9pt;font-family: Arial, sans-serif\">Fone para agendamento: <\/span><\/strong><span style=\"font-size: 9pt;font-family: Arial, sans-serif\">\u00a03220 8357 <\/span><span style=\"font-size: 9pt;font-family: Arial, sans-serif\">subramal 222<\/span><\/p>\n<p><strong><span style=\"font-size: 9pt;font-family: Arial, sans-serif\">E-mail para agendamento: <\/span><\/strong><span style=\"font-size: 9pt;font-family: Arial, sans-serif\"><a href=\"mailto:astor.nied@ufsm.br\" target=\"_blank\" rel=\"noopener\">astor.nied@ufsm.br<\/a><\/span><\/p>\n<p><strong><span style=\"font-size: 9pt;font-family: Arial, sans-serif\">Foto do equipamento:<\/span><\/strong><\/p>\n<p><img fetchpriority=\"high\" decoding=\"async\" class=\"alignnone size-medium wp-image-962 alignleft\" src=\"https:\/\/www.ufsm.br\/app\/uploads\/sites\/775\/2017\/11\/IMG_20210803_173134-300x225.jpg\" alt=\"\" width=\"300\" height=\"225\" srcset=\"https:\/\/www.ufsm.br\/app\/uploads\/sites\/775\/2017\/11\/IMG_20210803_173134-300x225.jpg 300w, https:\/\/www.ufsm.br\/app\/uploads\/sites\/775\/2017\/11\/IMG_20210803_173134-1024x768.jpg 1024w, https:\/\/www.ufsm.br\/app\/uploads\/sites\/775\/2017\/11\/IMG_20210803_173134-768x576.jpg 768w, https:\/\/www.ufsm.br\/app\/uploads\/sites\/775\/2017\/11\/IMG_20210803_173134-1536x1152.jpg 1536w, https:\/\/www.ufsm.br\/app\/uploads\/sites\/775\/2017\/11\/IMG_20210803_173134.jpg 1920w\" sizes=\"(max-width: 300px) 100vw, 300px\" \/><\/p>\n","protected":false},"excerpt":{"rendered":"<p>Descri\u00e7\u00e3o do Equipamento: Por\u00f4metro Digital, NS 126\/06, modelo AP4, marca Delta N\u00famero Patrim\u00f4nio:\u00a0224539 Localiza\u00e7\u00e3o: Laborat\u00f3rio de Agrometeorologia, Departamento de Fitotecnia Respons\u00e1vel pelo equipamento: Astor Henrique Nied Contato para agendamento: Astor Henrique Nied Fone para agendamento: \u00a03220 8357 subramal 222 E-mail para agendamento: astor.nied@ufsm.br Foto do equipamento:<\/p>\n","protected":false},"author":25,"featured_media":962,"comment_status":"closed","ping_status":"closed","sticky":false,"template":"","format":"standard","meta":{"footnotes":""},"categories":[19],"tags":[],"class_list":["post-422","post","type-post","status-publish","format-standard","has-post-thumbnail","hentry","category-pro-equipamentos-capes"],"acf":[],"_links":{"self":[{"href":"https:\/\/www.ufsm.br\/pro-reitorias\/prpgp\/multiusuario\/wp-json\/wp\/v2\/posts\/422","targetHints":{"allow":["GET"]}}],"collection":[{"href":"https:\/\/www.ufsm.br\/pro-reitorias\/prpgp\/multiusuario\/wp-json\/wp\/v2\/posts"}],"about":[{"href":"https:\/\/www.ufsm.br\/pro-reitorias\/prpgp\/multiusuario\/wp-json\/wp\/v2\/types\/post"}],"author":[{"embeddable":true,"href":"https:\/\/www.ufsm.br\/pro-reitorias\/prpgp\/multiusuario\/wp-json\/wp\/v2\/users\/25"}],"replies":[{"embeddable":true,"href":"https:\/\/www.ufsm.br\/pro-reitorias\/prpgp\/multiusuario\/wp-json\/wp\/v2\/comments?post=422"}],"version-history":[{"count":0,"href":"https:\/\/www.ufsm.br\/pro-reitorias\/prpgp\/multiusuario\/wp-json\/wp\/v2\/posts\/422\/revisions"}],"wp:featuredmedia":[{"embeddable":true,"href":"https:\/\/www.ufsm.br\/pro-reitorias\/prpgp\/multiusuario\/wp-json\/wp\/v2\/media\/962"}],"wp:attachment":[{"href":"https:\/\/www.ufsm.br\/pro-reitorias\/prpgp\/multiusuario\/wp-json\/wp\/v2\/media?parent=422"}],"wp:term":[{"taxonomy":"category","embeddable":true,"href":"https:\/\/www.ufsm.br\/pro-reitorias\/prpgp\/multiusuario\/wp-json\/wp\/v2\/categories?post=422"},{"taxonomy":"post_tag","embeddable":true,"href":"https:\/\/www.ufsm.br\/pro-reitorias\/prpgp\/multiusuario\/wp-json\/wp\/v2\/tags?post=422"}],"curies":[{"name":"wp","href":"https:\/\/api.w.org\/{rel}","templated":true}]}}