{"id":425,"date":"2017-11-08T19:50:25","date_gmt":"2017-11-08T21:50:25","guid":{"rendered":"https:\/\/www.ufsm.br\/pro-reitorias\/prpgp\/multiusuario\/2017\/11\/08\/sistema-unidade-de-fotolocalizacao-isoeletrica\/"},"modified":"2017-11-08T19:50:25","modified_gmt":"2017-11-08T21:50:25","slug":"sistema-unidade-de-fotolocalizacao-isoeletrica","status":"publish","type":"post","link":"https:\/\/www.ufsm.br\/pro-reitorias\/prpgp\/multiusuario\/2017\/11\/08\/sistema-unidade-de-fotolocalizacao-isoeletrica","title":{"rendered":"Sistema\/Unidade de Fotolocaliza\u00e7\u00e3o Isoel\u00e9trica"},"content":{"rendered":"<p><strong><span style=\"font-size: 9pt; font-family: Arial, sans-serif;\">Descri\u00e7\u00e3o do Equipamento:<\/span><\/strong><span style=\"font-size: 9pt; font-family: Arial, sans-serif;\">&nbsp;Sistema\/Unidade de Fotolocaliza\u00e7\u00e3o Isoel\u00e9trica<\/span><\/p>\n<p><strong><span style=\"font-size: 9pt; font-family: Arial, sans-serif;\">N\u00famero Patrim\u00f4nio:<\/span><\/strong><span style=\"font-size: 9pt; font-family: Arial, sans-serif;\">&nbsp;226477<\/span><\/p>\n<p><strong><span style=\"font-size: 9pt; font-family: Arial, sans-serif;\">Localiza\u00e7\u00e3o:&nbsp;<\/span><\/strong><span style=\"font-size: 9pt; font-family: Arial, sans-serif;\">Laborat\u00f3rio de Manejo Integrado de Pragas (LABIMIP), Pr\u00e9dio 44G<\/span><\/p>\n<p><strong><span style=\"font-size: 9pt; font-family: Arial, sans-serif;\">Respons\u00e1vel pelo equipamento:<\/span><\/strong><span style=\"font-size: 9pt; font-family: Arial, sans-serif;\">&nbsp;Jerson Car\u00fas Guedes<\/span><\/p>\n<p><strong><span style=\"font-size: 9pt; font-family: Arial, sans-serif;\">Contato para agendamento:&nbsp;<\/span><\/strong><span style=\"font-size: 9pt; font-family: Arial, sans-serif;\">Gustavo Ugalde<\/span><\/p>\n<p><strong><span style=\"font-size: 9pt; font-family: Arial, sans-serif;\">Fone para agendamento:&nbsp;<\/span><\/strong><span style=\"font-size: 9pt; font-family: Arial, sans-serif;\">81131747 (Jerson Guedes)<\/span><\/p>\n<p><strong><span style=\"font-size: 9pt; font-family: Arial, sans-serif;\">E-mail para agendamento:&nbsp;<a href=\"mailto:gustavo.ugalde@ufsm.br\">gustavo.ugalde@ufsm.br<\/a><a href=\"mailto:gustavo.ugalde@ufsm.br\">&nbsp;<\/a><\/span><\/strong><\/p>\n<p><strong><span style=\"font-size: 9pt; font-family: Arial, sans-serif;\">Foto do Equipamento:<\/span><\/strong><\/p>\n<p><strong><span style=\"font-size: 9pt; font-family: Arial, sans-serif;\"><img fetchpriority=\"high\" decoding=\"async\" class=\" size-full wp-image-424\" src=\"https:\/\/www.ufsm.br\/pro-reitorias\/prpgp\/multiusuario\/wp-content\/uploads\/sites\/775\/2017\/11\/images_equipamentos_CAPES_Sistema-Unidade-Fotolocalizaao.jpg\" alt=\"Sistema Unidade Fotolocalizaao\" width=\"300\" height=\"533\" srcset=\"https:\/\/www.ufsm.br\/app\/uploads\/sites\/775\/2017\/11\/images_equipamentos_CAPES_Sistema-Unidade-Fotolocalizaao.jpg 300w, https:\/\/www.ufsm.br\/app\/uploads\/sites\/775\/2017\/11\/images_equipamentos_CAPES_Sistema-Unidade-Fotolocalizaao-169x300.jpg 169w\" sizes=\"(max-width: 300px) 100vw, 300px\" \/><\/span><\/strong><\/p>\n","protected":false},"excerpt":{"rendered":"<p>Descri\u00e7\u00e3o do Equipamento:&nbsp;Sistema\/Unidade de Fotolocaliza\u00e7\u00e3o Isoel\u00e9trica N\u00famero Patrim\u00f4nio:&nbsp;226477 Localiza\u00e7\u00e3o:&nbsp;Laborat\u00f3rio de Manejo Integrado de Pragas (LABIMIP), Pr\u00e9dio 44G Respons\u00e1vel pelo equipamento:&nbsp;Jerson Car\u00fas Guedes Contato para agendamento:&nbsp;Gustavo Ugalde Fone para agendamento:&nbsp;81131747 (Jerson Guedes) E-mail para agendamento:&nbsp;gustavo.ugalde@ufsm.br&nbsp; Foto do Equipamento:<\/p>\n","protected":false},"author":25,"featured_media":424,"comment_status":"closed","ping_status":"closed","sticky":false,"template":"","format":"standard","meta":{"footnotes":""},"categories":[19],"tags":[],"class_list":["post-425","post","type-post","status-publish","format-standard","has-post-thumbnail","hentry","category-pro-equipamentos-capes"],"acf":[],"_links":{"self":[{"href":"https:\/\/www.ufsm.br\/pro-reitorias\/prpgp\/multiusuario\/wp-json\/wp\/v2\/posts\/425","targetHints":{"allow":["GET"]}}],"collection":[{"href":"https:\/\/www.ufsm.br\/pro-reitorias\/prpgp\/multiusuario\/wp-json\/wp\/v2\/posts"}],"about":[{"href":"https:\/\/www.ufsm.br\/pro-reitorias\/prpgp\/multiusuario\/wp-json\/wp\/v2\/types\/post"}],"author":[{"embeddable":true,"href":"https:\/\/www.ufsm.br\/pro-reitorias\/prpgp\/multiusuario\/wp-json\/wp\/v2\/users\/25"}],"replies":[{"embeddable":true,"href":"https:\/\/www.ufsm.br\/pro-reitorias\/prpgp\/multiusuario\/wp-json\/wp\/v2\/comments?post=425"}],"version-history":[{"count":0,"href":"https:\/\/www.ufsm.br\/pro-reitorias\/prpgp\/multiusuario\/wp-json\/wp\/v2\/posts\/425\/revisions"}],"wp:featuredmedia":[{"embeddable":true,"href":"https:\/\/www.ufsm.br\/pro-reitorias\/prpgp\/multiusuario\/wp-json\/wp\/v2\/media\/424"}],"wp:attachment":[{"href":"https:\/\/www.ufsm.br\/pro-reitorias\/prpgp\/multiusuario\/wp-json\/wp\/v2\/media?parent=425"}],"wp:term":[{"taxonomy":"category","embeddable":true,"href":"https:\/\/www.ufsm.br\/pro-reitorias\/prpgp\/multiusuario\/wp-json\/wp\/v2\/categories?post=425"},{"taxonomy":"post_tag","embeddable":true,"href":"https:\/\/www.ufsm.br\/pro-reitorias\/prpgp\/multiusuario\/wp-json\/wp\/v2\/tags?post=425"}],"curies":[{"name":"wp","href":"https:\/\/api.w.org\/{rel}","templated":true}]}}