{"id":433,"date":"2017-11-09T09:23:51","date_gmt":"2017-11-09T11:23:51","guid":{"rendered":"https:\/\/www.ufsm.br\/pro-reitorias\/prpgp\/multiusuario\/2017\/11\/09\/conjunto-mini-cbr-de-campo\/"},"modified":"2022-03-29T08:48:38","modified_gmt":"2022-03-29T11:48:38","slug":"conjunto-mini-cbr-de-campo","status":"publish","type":"post","link":"https:\/\/www.ufsm.br\/pro-reitorias\/prpgp\/multiusuario\/2017\/11\/09\/conjunto-mini-cbr-de-campo","title":{"rendered":"Conjunto Mini-CBR de Campo"},"content":{"rendered":"<p><strong><span style=\"font-size: 9pt;font-family: Arial, sans-serif\">Descri\u00e7\u00e3o do Equipamento:<\/span><\/strong><span style=\"font-size: 9pt;font-family: Arial, sans-serif\">\u00a0Conjunto Mini-CBR de Campo<\/span><\/p>\n<p><strong><span style=\"font-size: 9pt;font-family: Arial, sans-serif\">N\u00famero Patrim\u00f4nio:<\/span><\/strong><span style=\"font-size: 9pt;font-family: Arial, sans-serif\">\u00a0194980<\/span><\/p>\n<p><strong><span style=\"font-size: 9pt;font-family: Arial, sans-serif\">Localiza\u00e7\u00e3o:\u00a0<\/span><\/strong><span style=\"font-size: 9pt;font-family: Arial, sans-serif\">Laborat\u00f3rio de Materiais de Constru\u00e7\u00e3o Civil &#8211; LMCC Pr\u00e9dio 10 dos Laborat\u00f3rios<\/span><\/p>\n<p><strong><span style=\"font-size: 9pt;font-family: Arial, sans-serif\">Respons\u00e1vel pelo equipamento:\u00a0<\/span><\/strong><span style=\"font-size: 9pt;font-family: Arial, sans-serif\">Rinaldo Jos\u00e9 Barbosa Pinheiro<\/span><\/p>\n<p><strong><span style=\"font-size: 9pt;font-family: Arial, sans-serif\">Contato para agendamento:\u00a0<\/span><\/strong><span style=\"font-size: 9pt;font-family: Arial, sans-serif\">Rinaldo Jos\u00e9 Barbosa Pinheiro<\/span><\/p>\n<p><strong><span style=\"font-size: 9pt;font-family: Arial, sans-serif\">Fone para agendamento:<\/span><\/strong><span style=\"font-size: 9pt;font-family: Arial, sans-serif\"> 3220-6148<\/span><\/p>\n<p><strong><span style=\"font-size: 9pt;font-family: Arial, sans-serif\">E-mail para agendamento:<\/span><\/strong><span style=\"font-size: 9pt;font-family: Arial, sans-serif\">\u00a0<\/span><span style=\"font-size: 9pt;font-family: Arial, sans-serif\"><a href=\"mailto:rinaldo@ufsm.br\">rinaldo@ufsm.br<\/a><\/span><\/p>\n<p><strong><span style=\"font-size: 9pt;font-family: Arial, sans-serif\">Foto do equipamento:<\/span><\/strong><\/p>\n<p><img decoding=\"async\" class=\"alignnone size-medium wp-image-1081\" src=\"https:\/\/www.ufsm.br\/app\/uploads\/sites\/775\/2017\/11\/Conjunto-Mini-CBR-194980-166x300.jpg\" alt=\"\" width=\"166\" height=\"300\" srcset=\"https:\/\/www.ufsm.br\/app\/uploads\/sites\/775\/2017\/11\/Conjunto-Mini-CBR-194980-166x300.jpg 166w, https:\/\/www.ufsm.br\/app\/uploads\/sites\/775\/2017\/11\/Conjunto-Mini-CBR-194980.jpg 300w\" sizes=\"(max-width: 166px) 100vw, 166px\" \/><\/p>\n","protected":false},"excerpt":{"rendered":"<p>Descri\u00e7\u00e3o do Equipamento:\u00a0Conjunto Mini-CBR de Campo N\u00famero Patrim\u00f4nio:\u00a0194980 Localiza\u00e7\u00e3o:\u00a0Laborat\u00f3rio de Materiais de Constru\u00e7\u00e3o Civil &#8211; LMCC Pr\u00e9dio 10 dos Laborat\u00f3rios Respons\u00e1vel pelo equipamento:\u00a0Rinaldo Jos\u00e9 Barbosa Pinheiro Contato para agendamento:\u00a0Rinaldo Jos\u00e9 Barbosa Pinheiro Fone para agendamento: 3220-6148 E-mail para agendamento:\u00a0rinaldo@ufsm.br Foto do equipamento:<\/p>\n","protected":false},"author":25,"featured_media":1081,"comment_status":"closed","ping_status":"closed","sticky":false,"template":"","format":"standard","meta":{"footnotes":""},"categories":[19],"tags":[],"class_list":["post-433","post","type-post","status-publish","format-standard","has-post-thumbnail","hentry","category-pro-equipamentos-capes"],"acf":[],"_links":{"self":[{"href":"https:\/\/www.ufsm.br\/pro-reitorias\/prpgp\/multiusuario\/wp-json\/wp\/v2\/posts\/433","targetHints":{"allow":["GET"]}}],"collection":[{"href":"https:\/\/www.ufsm.br\/pro-reitorias\/prpgp\/multiusuario\/wp-json\/wp\/v2\/posts"}],"about":[{"href":"https:\/\/www.ufsm.br\/pro-reitorias\/prpgp\/multiusuario\/wp-json\/wp\/v2\/types\/post"}],"author":[{"embeddable":true,"href":"https:\/\/www.ufsm.br\/pro-reitorias\/prpgp\/multiusuario\/wp-json\/wp\/v2\/users\/25"}],"replies":[{"embeddable":true,"href":"https:\/\/www.ufsm.br\/pro-reitorias\/prpgp\/multiusuario\/wp-json\/wp\/v2\/comments?post=433"}],"version-history":[{"count":0,"href":"https:\/\/www.ufsm.br\/pro-reitorias\/prpgp\/multiusuario\/wp-json\/wp\/v2\/posts\/433\/revisions"}],"wp:featuredmedia":[{"embeddable":true,"href":"https:\/\/www.ufsm.br\/pro-reitorias\/prpgp\/multiusuario\/wp-json\/wp\/v2\/media\/1081"}],"wp:attachment":[{"href":"https:\/\/www.ufsm.br\/pro-reitorias\/prpgp\/multiusuario\/wp-json\/wp\/v2\/media?parent=433"}],"wp:term":[{"taxonomy":"category","embeddable":true,"href":"https:\/\/www.ufsm.br\/pro-reitorias\/prpgp\/multiusuario\/wp-json\/wp\/v2\/categories?post=433"},{"taxonomy":"post_tag","embeddable":true,"href":"https:\/\/www.ufsm.br\/pro-reitorias\/prpgp\/multiusuario\/wp-json\/wp\/v2\/tags?post=433"}],"curies":[{"name":"wp","href":"https:\/\/api.w.org\/{rel}","templated":true}]}}