{"id":437,"date":"2017-11-09T09:27:17","date_gmt":"2017-11-09T11:27:17","guid":{"rendered":"https:\/\/www.ufsm.br\/pro-reitorias\/prpgp\/multiusuario\/2017\/11\/09\/kit-de-trados-para-perfuracoes\/"},"modified":"2022-03-29T08:51:56","modified_gmt":"2022-03-29T11:51:56","slug":"kit-de-trados-para-perfuracoes","status":"publish","type":"post","link":"https:\/\/www.ufsm.br\/pro-reitorias\/prpgp\/multiusuario\/2017\/11\/09\/kit-de-trados-para-perfuracoes","title":{"rendered":"Kit de Trados para Perfura\u00e7\u00f5es"},"content":{"rendered":"<p style=\"font-size: 12.16px\"><strong><span style=\"font-size: 9pt;font-family: Arial, sans-serif\">Descri\u00e7\u00e3o do Equipamento:<\/span><\/strong><span style=\"font-size: 9pt;font-family: Arial, sans-serif\">\u00a0Kit de Trados para Perfura\u00e7\u00f5es<\/span><\/p>\n<p style=\"font-size: 12.16px\"><strong><span style=\"font-size: 9pt;font-family: Arial, sans-serif\">N\u00famero Patrim\u00f4nio:<\/span><\/strong><span style=\"font-size: 9pt;font-family: Arial, sans-serif\">\u00a0194981, 194982, 194983, 194984<\/span><\/p>\n<p style=\"font-size: 12.16px\"><strong><span style=\"font-size: 9pt;font-family: Arial, sans-serif\">Localiza\u00e7\u00e3o:\u00a0<\/span><\/strong><span style=\"font-size: 9pt;font-family: Arial, sans-serif\">Laborat\u00f3rio de Materiais de Constru\u00e7\u00e3o Civil &#8211; LMCC Pr\u00e9dio 10 dos Laborat\u00f3rios<\/span><\/p>\n<p style=\"font-size: 12.16px\"><strong><span style=\"font-size: 9pt;font-family: Arial, sans-serif\">Respons\u00e1vel pelo equipamento:<\/span><\/strong><span style=\"font-size: 9pt;font-family: Arial, sans-serif\">\u00a0Rinaldo Jos\u00e9 Barbosa Pinheiro<\/span><\/p>\n<p style=\"font-size: 12.16px\"><strong><span style=\"font-size: 9pt;font-family: Arial, sans-serif\">Contato para agendamento:\u00a0<\/span><\/strong><span style=\"font-size: 9pt;font-family: Arial, sans-serif\">Rinaldo Jos\u00e9 Barbosa Pinheiro<\/span><\/p>\n<p style=\"font-size: 12.16px\"><strong><span style=\"font-size: 9pt;font-family: Arial, sans-serif\">Fone para agendamento:<\/span><\/strong><span style=\"font-size: 9pt;font-family: Arial, sans-serif\"> 3220-6148<\/span><\/p>\n<p style=\"font-size: 12.16px\"><strong><span style=\"font-size: 9pt;font-family: Arial, sans-serif\">E-mail para agendamento:\u00a0<\/span><\/strong><span style=\"font-size: 9pt;font-family: Arial, sans-serif\"><a href=\"mailto:rinaldo@ufsm.br\">rinaldo@ufsm.br<\/a><\/span><\/p>\n<p><strong><span style=\"font-size: 9pt;font-family: Arial, sans-serif\">Foto do equipamento:<\/span><\/strong><\/p>\n<p><img decoding=\"async\" class=\"alignnone size-medium wp-image-1084\" src=\"https:\/\/www.ufsm.br\/app\/uploads\/sites\/775\/2017\/11\/Kit-de-Trados-194981-a-194984-148x300.jpg\" alt=\"\" width=\"148\" height=\"300\" srcset=\"https:\/\/www.ufsm.br\/app\/uploads\/sites\/775\/2017\/11\/Kit-de-Trados-194981-a-194984-148x300.jpg 148w, https:\/\/www.ufsm.br\/app\/uploads\/sites\/775\/2017\/11\/Kit-de-Trados-194981-a-194984.jpg 300w\" sizes=\"(max-width: 148px) 100vw, 148px\" \/><\/p>\n\n","protected":false},"excerpt":{"rendered":"<p>Descri\u00e7\u00e3o do Equipamento:\u00a0Kit de Trados para Perfura\u00e7\u00f5es N\u00famero Patrim\u00f4nio:\u00a0194981, 194982, 194983, 194984 Localiza\u00e7\u00e3o:\u00a0Laborat\u00f3rio de Materiais de Constru\u00e7\u00e3o Civil &#8211; LMCC Pr\u00e9dio 10 dos Laborat\u00f3rios Respons\u00e1vel pelo equipamento:\u00a0Rinaldo Jos\u00e9 Barbosa Pinheiro Contato para agendamento:\u00a0Rinaldo Jos\u00e9 Barbosa Pinheiro Fone para agendamento: 3220-6148 E-mail para agendamento:\u00a0rinaldo@ufsm.br Foto do equipamento:<\/p>\n","protected":false},"author":25,"featured_media":1084,"comment_status":"closed","ping_status":"closed","sticky":false,"template":"","format":"standard","meta":{"footnotes":""},"categories":[19],"tags":[],"class_list":["post-437","post","type-post","status-publish","format-standard","has-post-thumbnail","hentry","category-pro-equipamentos-capes"],"acf":[],"_links":{"self":[{"href":"https:\/\/www.ufsm.br\/pro-reitorias\/prpgp\/multiusuario\/wp-json\/wp\/v2\/posts\/437","targetHints":{"allow":["GET"]}}],"collection":[{"href":"https:\/\/www.ufsm.br\/pro-reitorias\/prpgp\/multiusuario\/wp-json\/wp\/v2\/posts"}],"about":[{"href":"https:\/\/www.ufsm.br\/pro-reitorias\/prpgp\/multiusuario\/wp-json\/wp\/v2\/types\/post"}],"author":[{"embeddable":true,"href":"https:\/\/www.ufsm.br\/pro-reitorias\/prpgp\/multiusuario\/wp-json\/wp\/v2\/users\/25"}],"replies":[{"embeddable":true,"href":"https:\/\/www.ufsm.br\/pro-reitorias\/prpgp\/multiusuario\/wp-json\/wp\/v2\/comments?post=437"}],"version-history":[{"count":0,"href":"https:\/\/www.ufsm.br\/pro-reitorias\/prpgp\/multiusuario\/wp-json\/wp\/v2\/posts\/437\/revisions"}],"wp:featuredmedia":[{"embeddable":true,"href":"https:\/\/www.ufsm.br\/pro-reitorias\/prpgp\/multiusuario\/wp-json\/wp\/v2\/media\/1084"}],"wp:attachment":[{"href":"https:\/\/www.ufsm.br\/pro-reitorias\/prpgp\/multiusuario\/wp-json\/wp\/v2\/media?parent=437"}],"wp:term":[{"taxonomy":"category","embeddable":true,"href":"https:\/\/www.ufsm.br\/pro-reitorias\/prpgp\/multiusuario\/wp-json\/wp\/v2\/categories?post=437"},{"taxonomy":"post_tag","embeddable":true,"href":"https:\/\/www.ufsm.br\/pro-reitorias\/prpgp\/multiusuario\/wp-json\/wp\/v2\/tags?post=437"}],"curies":[{"name":"wp","href":"https:\/\/api.w.org\/{rel}","templated":true}]}}