{"id":439,"date":"2017-11-09T09:40:53","date_gmt":"2017-11-09T11:40:53","guid":{"rendered":"https:\/\/www.ufsm.br\/pro-reitorias\/prpgp\/multiusuario\/2017\/11\/09\/unidade-portatil-de-ar-e-eletricidade\/"},"modified":"2021-11-29T10:41:17","modified_gmt":"2021-11-29T13:41:17","slug":"unidade-portatil-de-ar-e-eletricidade","status":"publish","type":"post","link":"https:\/\/www.ufsm.br\/pro-reitorias\/prpgp\/multiusuario\/2017\/11\/09\/unidade-portatil-de-ar-e-eletricidade","title":{"rendered":"Unidade Port\u00e1til de Ar e Eletricidade"},"content":{"rendered":"<p style=\"font-size: 12.16px\"><strong><span style=\"font-size: 9pt;font-family: Arial, sans-serif\">Descri\u00e7\u00e3o do Equipamento:<\/span><\/strong><span style=\"font-size: 9pt;font-family: Arial, sans-serif\"> Unidade Port\u00e1til de Ar e Eletricidade &#8211; Controlador Digital, Marca SOLINST, MOD:464, N\/S:59869.<\/span><\/p>\n<p style=\"font-size: 12.16px\"><strong><span style=\"font-size: 9pt;font-family: Arial, sans-serif\">N\u00famero Patrim\u00f4nio:<\/span><\/strong><span style=\"font-size: 9pt;font-family: Arial, sans-serif\">\u00a0209778<\/span><\/p>\n<p style=\"font-size: 12.16px\"><strong><span style=\"font-size: 9pt;font-family: Arial, sans-serif\">Localiza\u00e7\u00e3o:\u00a0<\/span><\/strong><span style=\"font-size: 9pt;font-family: Arial, sans-serif\">Departamento DESA, Pr\u00e9dio Laborat\u00f3rios, Sala 442<\/span><\/p>\n<p style=\"font-size: 12.16px\"><strong><span style=\"font-size: 9pt;font-family: Arial, sans-serif\">Respons\u00e1vel pelo equipamento:\u00a0<\/span><\/strong><span style=\"font-size: 9pt;font-family: Arial, sans-serif\">Fabio Sebastian Oliveira Fran\u00e7a<\/span><\/p>\n<p style=\"font-size: 12.16px\"><strong><span style=\"font-size: 9pt;font-family: Arial, sans-serif\">Contato para agendamento:<\/span><\/strong><span style=\"font-size: 9pt;font-family: Arial, sans-serif\"> Fabio Sebastian Oliveira Fran\u00e7a<\/span><\/p>\n<p style=\"font-size: 12.16px\"><strong><span style=\"font-size: 9pt;font-family: Arial, sans-serif\">Fone para agendamento: <\/span><\/strong><span style=\"font-size: 9pt;font-family: Arial, sans-serif\">3220-8077<\/span><\/p>\n<p style=\"font-size: 12.16px\"><strong><span style=\"font-size: 9pt;font-family: Arial, sans-serif\">E-mail para agendamento: <\/span><\/strong><span style=\"font-size: 9pt;font-family: Arial, sans-serif\">lema@ufsm.br<\/span><\/p>\n<p style=\"font-size: 12.16px\"><strong><span style=\"font-size: 9pt;font-family: Arial, sans-serif\">Foto do Equipamento:<\/span><\/strong><\/p>\n<p><img fetchpriority=\"high\" decoding=\"async\" class=\"alignnone size-medium wp-image-993\" src=\"https:\/\/www.ufsm.br\/app\/uploads\/sites\/775\/2017\/11\/unidade-de-ar-portatil-300x228.jpg\" alt=\"\" width=\"300\" height=\"228\" srcset=\"https:\/\/www.ufsm.br\/app\/uploads\/sites\/775\/2017\/11\/unidade-de-ar-portatil-300x228.jpg 300w, https:\/\/www.ufsm.br\/app\/uploads\/sites\/775\/2017\/11\/unidade-de-ar-portatil-1024x780.jpg 1024w, https:\/\/www.ufsm.br\/app\/uploads\/sites\/775\/2017\/11\/unidade-de-ar-portatil-768x585.jpg 768w, https:\/\/www.ufsm.br\/app\/uploads\/sites\/775\/2017\/11\/unidade-de-ar-portatil.jpg 1237w\" sizes=\"(max-width: 300px) 100vw, 300px\" \/><\/p>\n","protected":false},"excerpt":{"rendered":"<p>Descri\u00e7\u00e3o do Equipamento: Unidade Port\u00e1til de Ar e Eletricidade &#8211; Controlador Digital, Marca SOLINST, MOD:464, N\/S:59869. N\u00famero Patrim\u00f4nio:\u00a0209778 Localiza\u00e7\u00e3o:\u00a0Departamento DESA, Pr\u00e9dio Laborat\u00f3rios, Sala 442 Respons\u00e1vel pelo equipamento:\u00a0Fabio Sebastian Oliveira Fran\u00e7a Contato para agendamento: Fabio Sebastian Oliveira Fran\u00e7a Fone para agendamento: 3220-8077 E-mail para agendamento: lema@ufsm.br Foto do Equipamento:<\/p>\n","protected":false},"author":25,"featured_media":993,"comment_status":"closed","ping_status":"closed","sticky":false,"template":"","format":"standard","meta":{"footnotes":""},"categories":[19],"tags":[],"class_list":["post-439","post","type-post","status-publish","format-standard","has-post-thumbnail","hentry","category-pro-equipamentos-capes"],"acf":[],"_links":{"self":[{"href":"https:\/\/www.ufsm.br\/pro-reitorias\/prpgp\/multiusuario\/wp-json\/wp\/v2\/posts\/439","targetHints":{"allow":["GET"]}}],"collection":[{"href":"https:\/\/www.ufsm.br\/pro-reitorias\/prpgp\/multiusuario\/wp-json\/wp\/v2\/posts"}],"about":[{"href":"https:\/\/www.ufsm.br\/pro-reitorias\/prpgp\/multiusuario\/wp-json\/wp\/v2\/types\/post"}],"author":[{"embeddable":true,"href":"https:\/\/www.ufsm.br\/pro-reitorias\/prpgp\/multiusuario\/wp-json\/wp\/v2\/users\/25"}],"replies":[{"embeddable":true,"href":"https:\/\/www.ufsm.br\/pro-reitorias\/prpgp\/multiusuario\/wp-json\/wp\/v2\/comments?post=439"}],"version-history":[{"count":0,"href":"https:\/\/www.ufsm.br\/pro-reitorias\/prpgp\/multiusuario\/wp-json\/wp\/v2\/posts\/439\/revisions"}],"wp:featuredmedia":[{"embeddable":true,"href":"https:\/\/www.ufsm.br\/pro-reitorias\/prpgp\/multiusuario\/wp-json\/wp\/v2\/media\/993"}],"wp:attachment":[{"href":"https:\/\/www.ufsm.br\/pro-reitorias\/prpgp\/multiusuario\/wp-json\/wp\/v2\/media?parent=439"}],"wp:term":[{"taxonomy":"category","embeddable":true,"href":"https:\/\/www.ufsm.br\/pro-reitorias\/prpgp\/multiusuario\/wp-json\/wp\/v2\/categories?post=439"},{"taxonomy":"post_tag","embeddable":true,"href":"https:\/\/www.ufsm.br\/pro-reitorias\/prpgp\/multiusuario\/wp-json\/wp\/v2\/tags?post=439"}],"curies":[{"name":"wp","href":"https:\/\/api.w.org\/{rel}","templated":true}]}}