{"id":449,"date":"2017-11-09T09:51:38","date_gmt":"2017-11-09T11:51:38","guid":{"rendered":"https:\/\/www.ufsm.br\/pro-reitorias\/prpgp\/multiusuario\/2017\/11\/09\/espectrometro-de-infravermelho-com-transformada-de-fourier\/"},"modified":"2017-11-09T09:51:38","modified_gmt":"2017-11-09T11:51:38","slug":"espectrometro-de-infravermelho-com-transformada-de-fourier","status":"publish","type":"post","link":"https:\/\/www.ufsm.br\/pro-reitorias\/prpgp\/multiusuario\/2017\/11\/09\/espectrometro-de-infravermelho-com-transformada-de-fourier","title":{"rendered":"Espectr\u00f4metro de Infravermelho com Transformada de Fourier"},"content":{"rendered":"<p style=\"font-size: 12.16px;\"><strong><span style=\"font-size: 9pt; font-family: Arial, sans-serif;\">Descri\u00e7\u00e3o do Equipamento:<\/span><\/strong><span style=\"font-size: 9pt; font-family: Arial, sans-serif;\">&nbsp;Espectr\u00f4metro de Infravermelho com Transformada de Fourier<\/span><\/p>\n<p style=\"font-size: 12.16px;\"><strong><span style=\"font-size: 9pt; font-family: Arial, sans-serif;\">N\u00famero Patrim\u00f4nio:<\/span><\/strong><span style=\"font-size: 9pt; font-family: Arial, sans-serif;\">&nbsp;226365<\/span><\/p>\n<p style=\"font-size: 12.16px;\"><strong><span style=\"font-size: 9pt; font-family: Arial, sans-serif;\">Localiza\u00e7\u00e3o:&nbsp;<\/span><\/strong><span style=\"font-size: 9pt; font-family: Arial, sans-serif;\">Pr\u00e9dio 9B, Central Anal\u00edtica<\/span><\/p>\n<p style=\"font-size: 12.16px;\"><strong><span style=\"font-size: 9pt; font-family: Arial, sans-serif;\">Respons\u00e1vel pelo equipamento:&nbsp;<\/span><\/strong><span style=\"font-size: 9pt; font-family: Arial, sans-serif;\">Mariana Moro Bassaco<\/span><\/p>\n<p style=\"font-size: 12.16px;\"><strong><span style=\"font-size: 9pt; font-family: Arial, sans-serif;\">Contato para agendamento:&nbsp;<\/span><\/strong><span style=\"font-size: 9pt; font-family: Arial, sans-serif;\">Mariana Moro Bassaco<\/span><\/p>\n<p style=\"font-size: 12.16px;\"><strong><span style=\"font-size: 9pt; font-family: Arial, sans-serif;\">Fone para agendamento: <\/span><\/strong><span style=\"font-size: 9pt; font-family: Arial, sans-serif;\">3220-9591<\/span><\/p>\n<p style=\"font-size: 12.16px;\"><strong><span style=\"font-size: 9pt; font-family: Arial, sans-serif;\">E-mail para agendamento:&nbsp;<a href=\"mailto:mariquimica@gmail.com\">&nbsp;<\/a><a href=\"mailto:mariquimica@gmail.com\">&nbsp;<\/a><a href=\"mailto:mariquimica@gmail.com\">mariquimica@gmail.com<\/a><a href=\"mailto:mariquimica@gmail.com\">&nbsp;<\/a><\/span><\/strong><\/p>\n<p style=\"font-size: 12.16px;\"><strong><span style=\"font-size: 9pt; font-family: Arial, sans-serif;\">Foto do Equipamento:<\/span><\/strong><\/p>\n<p style=\"font-size: 12.16px;\"><strong><span style=\"font-size: 9pt; font-family: Arial, sans-serif;\"><img fetchpriority=\"high\" decoding=\"async\" class=\" size-full wp-image-448\" src=\"https:\/\/www.ufsm.br\/pro-reitorias\/prpgp\/multiusuario\/wp-content\/uploads\/sites\/775\/2017\/11\/images_equipamentos_CAPES_Espectrmetro-de-Infravermelho.jpg\" alt=\"Espectrmetro de Infravermelho\" width=\"300\" height=\"225\" \/><\/span><\/strong><\/p>\n","protected":false},"excerpt":{"rendered":"<p>Descri\u00e7\u00e3o do Equipamento:&nbsp;Espectr\u00f4metro de Infravermelho com Transformada de Fourier N\u00famero Patrim\u00f4nio:&nbsp;226365 Localiza\u00e7\u00e3o:&nbsp;Pr\u00e9dio 9B, Central Anal\u00edtica Respons\u00e1vel pelo equipamento:&nbsp;Mariana Moro Bassaco Contato para agendamento:&nbsp;Mariana Moro Bassaco Fone para agendamento: 3220-9591 E-mail para agendamento:&nbsp;&nbsp;&nbsp;mariquimica@gmail.com&nbsp; Foto do Equipamento:<\/p>\n","protected":false},"author":25,"featured_media":448,"comment_status":"closed","ping_status":"closed","sticky":false,"template":"","format":"standard","meta":{"footnotes":""},"categories":[19],"tags":[],"class_list":["post-449","post","type-post","status-publish","format-standard","has-post-thumbnail","hentry","category-pro-equipamentos-capes"],"acf":[],"_links":{"self":[{"href":"https:\/\/www.ufsm.br\/pro-reitorias\/prpgp\/multiusuario\/wp-json\/wp\/v2\/posts\/449","targetHints":{"allow":["GET"]}}],"collection":[{"href":"https:\/\/www.ufsm.br\/pro-reitorias\/prpgp\/multiusuario\/wp-json\/wp\/v2\/posts"}],"about":[{"href":"https:\/\/www.ufsm.br\/pro-reitorias\/prpgp\/multiusuario\/wp-json\/wp\/v2\/types\/post"}],"author":[{"embeddable":true,"href":"https:\/\/www.ufsm.br\/pro-reitorias\/prpgp\/multiusuario\/wp-json\/wp\/v2\/users\/25"}],"replies":[{"embeddable":true,"href":"https:\/\/www.ufsm.br\/pro-reitorias\/prpgp\/multiusuario\/wp-json\/wp\/v2\/comments?post=449"}],"version-history":[{"count":0,"href":"https:\/\/www.ufsm.br\/pro-reitorias\/prpgp\/multiusuario\/wp-json\/wp\/v2\/posts\/449\/revisions"}],"wp:featuredmedia":[{"embeddable":true,"href":"https:\/\/www.ufsm.br\/pro-reitorias\/prpgp\/multiusuario\/wp-json\/wp\/v2\/media\/448"}],"wp:attachment":[{"href":"https:\/\/www.ufsm.br\/pro-reitorias\/prpgp\/multiusuario\/wp-json\/wp\/v2\/media?parent=449"}],"wp:term":[{"taxonomy":"category","embeddable":true,"href":"https:\/\/www.ufsm.br\/pro-reitorias\/prpgp\/multiusuario\/wp-json\/wp\/v2\/categories?post=449"},{"taxonomy":"post_tag","embeddable":true,"href":"https:\/\/www.ufsm.br\/pro-reitorias\/prpgp\/multiusuario\/wp-json\/wp\/v2\/tags?post=449"}],"curies":[{"name":"wp","href":"https:\/\/api.w.org\/{rel}","templated":true}]}}