{"id":456,"date":"2017-11-09T09:55:07","date_gmt":"2017-11-09T11:55:07","guid":{"rendered":"https:\/\/www.ufsm.br\/pro-reitorias\/prpgp\/multiusuario\/2017\/11\/09\/dinamometro-veicular-dinamometro-de-chassis-modelo-224xlc\/"},"modified":"2021-12-17T15:00:09","modified_gmt":"2021-12-17T18:00:09","slug":"dinamometro-veicular-dinamometro-de-chassis-modelo-224xlc","status":"publish","type":"post","link":"https:\/\/www.ufsm.br\/pro-reitorias\/prpgp\/multiusuario\/2017\/11\/09\/dinamometro-veicular-dinamometro-de-chassis-modelo-224xlc","title":{"rendered":"Dinam\u00f4metro Veicular (Dinam\u00f4metro de chassis modelo 224xLC)"},"content":{"rendered":"<p><strong><span style=\"font-size: 9pt;font-family: Arial, sans-serif\">Descri\u00e7\u00e3o do Equipamento:<\/span><\/strong><span style=\"font-size: 9pt;font-family: Arial, sans-serif\">\u00a0Dinam\u00f4metro Veicular (Dinam\u00f4metro de chassis modelo 224xLC)<\/span><\/p>\n<p><strong><span style=\"font-size: 9pt;font-family: Arial, sans-serif\">N\u00famero Patrim\u00f4nio:<\/span><\/strong><span style=\"font-size: 9pt;font-family: Arial, sans-serif\">\u00a0250456<\/span><\/p>\n<p><strong><span style=\"font-size: 9pt;font-family: Arial, sans-serif\">Localiza\u00e7\u00e3o:\u00a0<\/span><\/strong><span style=\"font-size: 9pt;font-family: Arial, sans-serif\">Laborat\u00f3rio de Motores &#8211; Pr\u00e9dio 9D<\/span><\/p>\n<p><strong><span style=\"font-size: 9pt;font-family: Arial, sans-serif\">Respons\u00e1vel pelo equipamento:\u00a0<\/span><\/strong><span style=\"font-size: 9pt;font-family: Arial, sans-serif\">M\u00e1rio Eduardo dos Santos Martins<\/span><\/p>\n<p><strong><span style=\"font-size: 9pt;font-family: Arial, sans-serif\">Contato para agendamento:<\/span><\/strong><span style=\"font-size: 9pt;font-family: Arial, sans-serif\">M\u00e1rio Eduardo dos Santos Martins<\/span><\/p>\n<p><strong><span style=\"font-size: 9pt;font-family: Arial, sans-serif\">Fone para agendamento: <\/span><\/strong><span style=\"font-size: 9pt;font-family: Arial, sans-serif\">3220-8832<\/span><\/p>\n<p><strong><span style=\"font-size: 9pt;font-family: Arial, sans-serif\">E-mail para agendamento:\u00a0<\/span><\/strong><span style=\"font-size: 9pt;font-family: Arial, sans-serif\"><a href=\"mailto:mario@mecanica.ufsm.br\">mario@mecanica.ufsm.br<\/a><\/span><\/p>\n<p><strong><span style=\"font-size: 9pt;font-family: Arial, sans-serif\">Foto do equipamento:<\/span><\/strong><\/p>\n<p><img fetchpriority=\"high\" decoding=\"async\" class=\"alignnone size-medium wp-image-964 alignleft\" src=\"https:\/\/www.ufsm.br\/app\/uploads\/sites\/775\/2017\/11\/IMG_20210802_084533832-169x300.jpg\" alt=\"\" width=\"169\" height=\"300\" srcset=\"https:\/\/www.ufsm.br\/app\/uploads\/sites\/775\/2017\/11\/IMG_20210802_084533832-169x300.jpg 169w, https:\/\/www.ufsm.br\/app\/uploads\/sites\/775\/2017\/11\/IMG_20210802_084533832-576x1024.jpg 576w, https:\/\/www.ufsm.br\/app\/uploads\/sites\/775\/2017\/11\/IMG_20210802_084533832-768x1365.jpg 768w, https:\/\/www.ufsm.br\/app\/uploads\/sites\/775\/2017\/11\/IMG_20210802_084533832-864x1536.jpg 864w, https:\/\/www.ufsm.br\/app\/uploads\/sites\/775\/2017\/11\/IMG_20210802_084533832-1152x2048.jpg 1152w, https:\/\/www.ufsm.br\/app\/uploads\/sites\/775\/2017\/11\/IMG_20210802_084533832-scaled.jpg 1440w\" sizes=\"(max-width: 169px) 100vw, 169px\" \/><\/p>\n","protected":false},"excerpt":{"rendered":"<p>Descri\u00e7\u00e3o do Equipamento:\u00a0Dinam\u00f4metro Veicular (Dinam\u00f4metro de chassis modelo 224xLC) N\u00famero Patrim\u00f4nio:\u00a0250456 Localiza\u00e7\u00e3o:\u00a0Laborat\u00f3rio de Motores &#8211; Pr\u00e9dio 9D Respons\u00e1vel pelo equipamento:\u00a0M\u00e1rio Eduardo dos Santos Martins Contato para agendamento:M\u00e1rio Eduardo dos Santos Martins Fone para agendamento: 3220-8832 E-mail para agendamento:\u00a0mario@mecanica.ufsm.br Foto do equipamento:<\/p>\n","protected":false},"author":25,"featured_media":964,"comment_status":"closed","ping_status":"closed","sticky":false,"template":"","format":"standard","meta":{"footnotes":""},"categories":[19],"tags":[],"class_list":["post-456","post","type-post","status-publish","format-standard","has-post-thumbnail","hentry","category-pro-equipamentos-capes"],"acf":[],"_links":{"self":[{"href":"https:\/\/www.ufsm.br\/pro-reitorias\/prpgp\/multiusuario\/wp-json\/wp\/v2\/posts\/456","targetHints":{"allow":["GET"]}}],"collection":[{"href":"https:\/\/www.ufsm.br\/pro-reitorias\/prpgp\/multiusuario\/wp-json\/wp\/v2\/posts"}],"about":[{"href":"https:\/\/www.ufsm.br\/pro-reitorias\/prpgp\/multiusuario\/wp-json\/wp\/v2\/types\/post"}],"author":[{"embeddable":true,"href":"https:\/\/www.ufsm.br\/pro-reitorias\/prpgp\/multiusuario\/wp-json\/wp\/v2\/users\/25"}],"replies":[{"embeddable":true,"href":"https:\/\/www.ufsm.br\/pro-reitorias\/prpgp\/multiusuario\/wp-json\/wp\/v2\/comments?post=456"}],"version-history":[{"count":0,"href":"https:\/\/www.ufsm.br\/pro-reitorias\/prpgp\/multiusuario\/wp-json\/wp\/v2\/posts\/456\/revisions"}],"wp:featuredmedia":[{"embeddable":true,"href":"https:\/\/www.ufsm.br\/pro-reitorias\/prpgp\/multiusuario\/wp-json\/wp\/v2\/media\/964"}],"wp:attachment":[{"href":"https:\/\/www.ufsm.br\/pro-reitorias\/prpgp\/multiusuario\/wp-json\/wp\/v2\/media?parent=456"}],"wp:term":[{"taxonomy":"category","embeddable":true,"href":"https:\/\/www.ufsm.br\/pro-reitorias\/prpgp\/multiusuario\/wp-json\/wp\/v2\/categories?post=456"},{"taxonomy":"post_tag","embeddable":true,"href":"https:\/\/www.ufsm.br\/pro-reitorias\/prpgp\/multiusuario\/wp-json\/wp\/v2\/tags?post=456"}],"curies":[{"name":"wp","href":"https:\/\/api.w.org\/{rel}","templated":true}]}}