{"id":488,"date":"2017-11-09T10:32:05","date_gmt":"2017-11-09T12:32:05","guid":{"rendered":"https:\/\/www.ufsm.br\/pro-reitorias\/prpgp\/multiusuario\/2017\/11\/09\/estufa-para-esterilizacao-ou-secagem\/"},"modified":"2017-11-09T10:32:05","modified_gmt":"2017-11-09T12:32:05","slug":"estufa-para-esterilizacao-ou-secagem","status":"publish","type":"post","link":"https:\/\/www.ufsm.br\/pro-reitorias\/prpgp\/multiusuario\/2017\/11\/09\/estufa-para-esterilizacao-ou-secagem","title":{"rendered":"Estufa para Esteriliza\u00e7\u00e3o ou Secagem"},"content":{"rendered":"<p style=\"font-size: 12.16px;\"><strong><span style=\"font-size: 9pt; font-family: Arial, sans-serif;\">Descri\u00e7\u00e3o do Equipamento:<\/span><\/strong><span style=\"font-size: 9pt; font-family: Arial, sans-serif;\">&nbsp;Estufa para Esteriliza\u00e7\u00e3o ou Secagem<\/span><\/p>\n<p style=\"font-size: 12.16px;\"><strong><span style=\"font-size: 9pt; font-family: Arial, sans-serif;\">N\u00famero Patrim\u00f4nio:<\/span><\/strong><span style=\"font-size: 9pt; font-family: Arial, sans-serif;\">&nbsp;186430<\/span><\/p>\n<p style=\"font-size: 12.16px;\"><strong><span style=\"font-size: 9pt; font-family: Arial, sans-serif;\">Localiza\u00e7\u00e3o:&nbsp;<\/span><\/strong><span style=\"font-size: 9pt; font-family: Arial, sans-serif;\">Pr\u00e9dio 20, Sala 4229<\/span><\/p>\n<p style=\"font-size: 12.16px;\"><strong><span style=\"font-size: 9pt; font-family: Arial, sans-serif;\">Respons\u00e1vel pelo equipamento:&nbsp;<\/span><\/strong><span style=\"font-size: 9pt; font-family: Arial, sans-serif;\">Daniela Bitencourt Rosa Leal<\/span><\/p>\n<p style=\"font-size: 12.16px;\"><strong><span style=\"font-size: 9pt; font-family: Arial, sans-serif;\">Contato para agendamento:&nbsp;<\/span><\/strong><span style=\"font-size: 9pt; font-family: Arial, sans-serif;\">Daniela Bitencourt Rosa Leal<\/span><\/p>\n<p style=\"font-size: 12.16px;\"><strong><span style=\"font-size: 9pt; font-family: Arial, sans-serif;\">Fone para agendamento: <\/span><\/strong><span style=\"font-size: 9pt; font-family: Arial, sans-serif;\">3220-9580<\/span><\/p>\n<p style=\"font-size: 12.16px;\"><strong><span style=\"font-size: 9pt; font-family: Arial, sans-serif;\">E-mail para agendamento:&nbsp;<a href=\"mailto:danibrl@smail.ufsm.br\">&nbsp;<\/a><a href=\"mailto:danibrl@smail.ufsm.br\">&nbsp;<\/a><a href=\"mailto:danibrl@smail.ufsm.br\">danibrl@smail.ufsm.br<\/a><a href=\"mailto:danibrl@smail.ufsm.br\">&nbsp;<\/a><\/span><\/strong><\/p>\n<p style=\"font-size: 12.16px;\"><strong><span style=\"font-size: 9pt; font-family: Arial, sans-serif;\">Foto do Equipamento:<\/span><\/strong><\/p>\n<p style=\"font-size: 12.16px;\"><strong><span style=\"font-size: 9pt; font-family: Arial, sans-serif;\"><img fetchpriority=\"high\" decoding=\"async\" class=\" size-full wp-image-487\" src=\"https:\/\/www.ufsm.br\/pro-reitorias\/prpgp\/multiusuario\/wp-content\/uploads\/sites\/775\/2017\/11\/images_equipamentos_CAPES_Estufa-para-esterilizao-ou-secagem.jpg\" alt=\"Estufa para esterilizao ou secagem\" width=\"300\" height=\"400\" srcset=\"https:\/\/www.ufsm.br\/app\/uploads\/sites\/775\/2017\/11\/images_equipamentos_CAPES_Estufa-para-esterilizao-ou-secagem.jpg 300w, https:\/\/www.ufsm.br\/app\/uploads\/sites\/775\/2017\/11\/images_equipamentos_CAPES_Estufa-para-esterilizao-ou-secagem-225x300.jpg 225w\" sizes=\"(max-width: 300px) 100vw, 300px\" \/><\/span><\/strong><\/p>\n","protected":false},"excerpt":{"rendered":"<p>Descri\u00e7\u00e3o do Equipamento:&nbsp;Estufa para Esteriliza\u00e7\u00e3o ou Secagem N\u00famero Patrim\u00f4nio:&nbsp;186430 Localiza\u00e7\u00e3o:&nbsp;Pr\u00e9dio 20, Sala 4229 Respons\u00e1vel pelo equipamento:&nbsp;Daniela Bitencourt Rosa Leal Contato para agendamento:&nbsp;Daniela Bitencourt Rosa Leal Fone para agendamento: 3220-9580 E-mail para agendamento:&nbsp;&nbsp;&nbsp;danibrl@smail.ufsm.br&nbsp; Foto do Equipamento:<\/p>\n","protected":false},"author":25,"featured_media":487,"comment_status":"closed","ping_status":"closed","sticky":false,"template":"","format":"standard","meta":{"footnotes":""},"categories":[19],"tags":[],"class_list":["post-488","post","type-post","status-publish","format-standard","has-post-thumbnail","hentry","category-pro-equipamentos-capes"],"acf":[],"_links":{"self":[{"href":"https:\/\/www.ufsm.br\/pro-reitorias\/prpgp\/multiusuario\/wp-json\/wp\/v2\/posts\/488","targetHints":{"allow":["GET"]}}],"collection":[{"href":"https:\/\/www.ufsm.br\/pro-reitorias\/prpgp\/multiusuario\/wp-json\/wp\/v2\/posts"}],"about":[{"href":"https:\/\/www.ufsm.br\/pro-reitorias\/prpgp\/multiusuario\/wp-json\/wp\/v2\/types\/post"}],"author":[{"embeddable":true,"href":"https:\/\/www.ufsm.br\/pro-reitorias\/prpgp\/multiusuario\/wp-json\/wp\/v2\/users\/25"}],"replies":[{"embeddable":true,"href":"https:\/\/www.ufsm.br\/pro-reitorias\/prpgp\/multiusuario\/wp-json\/wp\/v2\/comments?post=488"}],"version-history":[{"count":0,"href":"https:\/\/www.ufsm.br\/pro-reitorias\/prpgp\/multiusuario\/wp-json\/wp\/v2\/posts\/488\/revisions"}],"wp:featuredmedia":[{"embeddable":true,"href":"https:\/\/www.ufsm.br\/pro-reitorias\/prpgp\/multiusuario\/wp-json\/wp\/v2\/media\/487"}],"wp:attachment":[{"href":"https:\/\/www.ufsm.br\/pro-reitorias\/prpgp\/multiusuario\/wp-json\/wp\/v2\/media?parent=488"}],"wp:term":[{"taxonomy":"category","embeddable":true,"href":"https:\/\/www.ufsm.br\/pro-reitorias\/prpgp\/multiusuario\/wp-json\/wp\/v2\/categories?post=488"},{"taxonomy":"post_tag","embeddable":true,"href":"https:\/\/www.ufsm.br\/pro-reitorias\/prpgp\/multiusuario\/wp-json\/wp\/v2\/tags?post=488"}],"curies":[{"name":"wp","href":"https:\/\/api.w.org\/{rel}","templated":true}]}}