{"id":494,"date":"2017-11-09T10:36:44","date_gmt":"2017-11-09T12:36:44","guid":{"rendered":"https:\/\/www.ufsm.br\/pro-reitorias\/prpgp\/multiusuario\/2017\/11\/09\/centrifuga-ventilada-para-placas\/"},"modified":"2021-12-17T14:01:41","modified_gmt":"2021-12-17T17:01:41","slug":"centrifuga-ventilada-para-placas","status":"publish","type":"post","link":"https:\/\/www.ufsm.br\/pro-reitorias\/prpgp\/multiusuario\/2017\/11\/09\/centrifuga-ventilada-para-placas","title":{"rendered":"Centr\u00edfuga Ventilada para Placas"},"content":{"rendered":"<p style=\"font-size: 12.16px\"><strong><span style=\"font-size: 9pt;font-family: Arial, sans-serif\">Descri\u00e7\u00e3o do Equipamento:<\/span><\/strong><span style=\"font-size: 9pt;font-family: Arial, sans-serif\">\u00a0Centr\u00edfuga Ventilada para Placas<\/span><\/p>\n<p style=\"font-size: 12.16px\"><strong><span style=\"font-size: 9pt;font-family: Arial, sans-serif\">N\u00famero Patrim\u00f4nio:<\/span><\/strong><span style=\"font-size: 9pt;font-family: Arial, sans-serif\">\u00a0194415<\/span><\/p>\n<p style=\"font-size: 12.16px\"><strong><span style=\"font-size: 9pt;font-family: Arial, sans-serif\">Localiza\u00e7\u00e3o:\u00a0<\/span><\/strong><span style=\"font-size: 9pt;font-family: Arial, sans-serif\">Pr\u00e9dio 20, Sala 4110<\/span><\/p>\n<p style=\"font-size: 12.16px\"><strong><span style=\"font-size: 9pt;font-family: Arial, sans-serif\">Respons\u00e1vel pelo equipamento:\u00a0<\/span><\/strong><span style=\"font-size: 9pt;font-family: Arial, sans-serif\">Janio Morais Santurio<\/span><\/p>\n<p style=\"font-size: 12.16px\"><strong><span style=\"font-size: 9pt;font-family: Arial, sans-serif\">Contato para agendamento:\u00a0<\/span><\/strong><span style=\"font-size: 9pt;font-family: Arial, sans-serif\">Janio\u00a0<\/span><span style=\"font-size: 9pt;font-family: Arial, sans-serif\"><span style=\"font-size: 9pt;font-family: Arial, sans-serif\">Morais Santurio<\/span><\/span><\/p>\n<p style=\"font-size: 12.16px\"><strong><span style=\"font-size: 9pt;font-family: Arial, sans-serif\">Fone para agendamento: <\/span><\/strong><span style=\"font-size: 9pt;font-family: Arial, sans-serif\">3220-8906<\/span><\/p>\n<p style=\"font-size: 12.16px\"><strong><span style=\"font-size: 9pt;font-family: Arial, sans-serif\">E-mail para agendamento:\u00a0<\/span><\/strong><span style=\"font-size: 9pt;font-family: Arial, sans-serif\"><a href=\"mailto:janio.santurio@gmail.com\">janio.santurio@gmail.com<\/a><\/span><span style=\"font-size: 9pt;font-family: Arial, sans-serif\">\u00a0ou\u00a0<a href=\"mailto:santuario@smail.ufsm.br\">santurio@smail.ufsm.br<\/a><\/span><\/p>\n<p style=\"font-size: 12.16px\"><strong><span style=\"font-size: 9pt;font-family: Arial, sans-serif\">Foto do Equipamento:<\/span><\/strong><\/p>\n<p style=\"font-size: 12.16px\"><strong><span style=\"font-size: 9pt;font-family: Arial, sans-serif\"><img fetchpriority=\"high\" decoding=\"async\" class=\" size-full wp-image-493\" src=\"https:\/\/www.ufsm.br\/pro-reitorias\/prpgp\/multiusuario\/wp-content\/uploads\/sites\/775\/2017\/11\/images_equipamentos_CAPES_Centrfuga-Ventilada-de-Placas.jpg\" alt=\"Centrfuga Ventilada de Placas\" width=\"300\" height=\"225\" \/><\/span><\/strong><\/p>\n","protected":false},"excerpt":{"rendered":"<p>Descri\u00e7\u00e3o do Equipamento:\u00a0Centr\u00edfuga Ventilada para Placas N\u00famero Patrim\u00f4nio:\u00a0194415 Localiza\u00e7\u00e3o:\u00a0Pr\u00e9dio 20, Sala 4110 Respons\u00e1vel pelo equipamento:\u00a0Janio Morais Santurio Contato para agendamento:\u00a0Janio\u00a0Morais Santurio Fone para agendamento: 3220-8906 E-mail para agendamento:\u00a0janio.santurio@gmail.com\u00a0ou\u00a0santurio@smail.ufsm.br Foto do Equipamento:<\/p>\n","protected":false},"author":25,"featured_media":493,"comment_status":"closed","ping_status":"closed","sticky":false,"template":"","format":"standard","meta":{"footnotes":""},"categories":[19],"tags":[],"class_list":["post-494","post","type-post","status-publish","format-standard","has-post-thumbnail","hentry","category-pro-equipamentos-capes"],"acf":[],"_links":{"self":[{"href":"https:\/\/www.ufsm.br\/pro-reitorias\/prpgp\/multiusuario\/wp-json\/wp\/v2\/posts\/494","targetHints":{"allow":["GET"]}}],"collection":[{"href":"https:\/\/www.ufsm.br\/pro-reitorias\/prpgp\/multiusuario\/wp-json\/wp\/v2\/posts"}],"about":[{"href":"https:\/\/www.ufsm.br\/pro-reitorias\/prpgp\/multiusuario\/wp-json\/wp\/v2\/types\/post"}],"author":[{"embeddable":true,"href":"https:\/\/www.ufsm.br\/pro-reitorias\/prpgp\/multiusuario\/wp-json\/wp\/v2\/users\/25"}],"replies":[{"embeddable":true,"href":"https:\/\/www.ufsm.br\/pro-reitorias\/prpgp\/multiusuario\/wp-json\/wp\/v2\/comments?post=494"}],"version-history":[{"count":0,"href":"https:\/\/www.ufsm.br\/pro-reitorias\/prpgp\/multiusuario\/wp-json\/wp\/v2\/posts\/494\/revisions"}],"wp:featuredmedia":[{"embeddable":true,"href":"https:\/\/www.ufsm.br\/pro-reitorias\/prpgp\/multiusuario\/wp-json\/wp\/v2\/media\/493"}],"wp:attachment":[{"href":"https:\/\/www.ufsm.br\/pro-reitorias\/prpgp\/multiusuario\/wp-json\/wp\/v2\/media?parent=494"}],"wp:term":[{"taxonomy":"category","embeddable":true,"href":"https:\/\/www.ufsm.br\/pro-reitorias\/prpgp\/multiusuario\/wp-json\/wp\/v2\/categories?post=494"},{"taxonomy":"post_tag","embeddable":true,"href":"https:\/\/www.ufsm.br\/pro-reitorias\/prpgp\/multiusuario\/wp-json\/wp\/v2\/tags?post=494"}],"curies":[{"name":"wp","href":"https:\/\/api.w.org\/{rel}","templated":true}]}}