{"id":498,"date":"2017-11-09T10:51:03","date_gmt":"2017-11-09T12:51:03","guid":{"rendered":"https:\/\/www.ufsm.br\/pro-reitorias\/prpgp\/multiusuario\/2017\/11\/09\/camara-de-amostragem-para-analise-de-gas-residual\/"},"modified":"2021-12-17T12:11:47","modified_gmt":"2021-12-17T15:11:47","slug":"camara-de-amostragem-para-analise-de-gas-residual","status":"publish","type":"post","link":"https:\/\/www.ufsm.br\/pro-reitorias\/prpgp\/multiusuario\/2017\/11\/09\/camara-de-amostragem-para-analise-de-gas-residual","title":{"rendered":"C\u00e2mara de Amostragem para An\u00e1lise de G\u00e1s Residual"},"content":{"rendered":"<p><strong><span style=\"font-size: 9pt;font-family: Arial, sans-serif\">Descri\u00e7\u00e3o do Equipamento:<\/span><\/strong><span style=\"font-size: 9pt;font-family: Arial, sans-serif\">\u00a0C\u00e2mara de Amostragem para An\u00e1lise de G\u00e1s Residual<\/span><\/p>\n<p><strong><span style=\"font-size: 9pt;font-family: Arial, sans-serif\">N\u00famero Patrim\u00f4nio:<\/span><\/strong><span style=\"font-size: 9pt;font-family: Arial, sans-serif\"> 156903 e 137030<\/span><\/p>\n<p><strong><span style=\"font-size: 9pt;font-family: Arial, sans-serif\">Localiza\u00e7\u00e3o:\u00a0<\/span><\/strong><span style=\"font-size: 9pt;font-family: Arial, sans-serif\">Laborat\u00f3rio de Filmes Finos, Departamento de F\u00edsica &#8211; Pr\u00e9dio 13, Sala 1102 B<\/span><\/p>\n<p><strong><span style=\"font-size: 9pt;font-family: Arial, sans-serif\">Respons\u00e1vel pelo equipamento:\u00a0<\/span><\/strong><span style=\"font-size: 9pt;font-family: Arial, sans-serif\">Lucio Strazzabosco Dorneles<\/span><\/p>\n<p><strong><span style=\"font-size: 9pt;font-family: Arial, sans-serif\">Contato para agendamento:\u00a0<\/span><\/strong><span style=\"font-size: 9pt;font-family: Arial, sans-serif\">Lucio Strazzabosco Dorneles<\/span><\/p>\n<p><strong><span style=\"font-size: 9pt;font-family: Arial, sans-serif\">Fone para agendamento: <\/span><\/strong><span style=\"font-size: 9pt;font-family: Arial, sans-serif\">3220-8618<\/span><\/p>\n<p><strong><span style=\"font-size: 9pt;font-family: Arial, sans-serif\">E-mail para agendamento:\u00a0<a href=\"mailto:lucio.dorneles@ufsm.br\">lucio.dorneles@ufsm.br<\/a><a href=\"mailto:lucio.dorneles@ufsm.br\">\u00a0<\/a><\/span><\/strong><\/p>\n<p><strong><span style=\"font-size: 9pt;font-family: Arial, sans-serif\">Foto do Equipamento:<\/span><\/strong><\/p>\n<p><strong><span style=\"font-size: 9pt;font-family: Arial, sans-serif\"><img fetchpriority=\"high\" decoding=\"async\" class=\" size-full wp-image-497\" src=\"https:\/\/www.ufsm.br\/pro-reitorias\/prpgp\/multiusuario\/wp-content\/uploads\/sites\/775\/2017\/11\/images_equipamentos_CAPES_Cmara-de-Amostragem-para-anlise-de-gs-residual.jpg\" alt=\"Cmara de Amostragem para anlise de gs residual\" width=\"300\" height=\"225\" \/><\/span><\/strong><\/p>\n<p><strong><span style=\"font-size: 9pt;font-family: Arial, sans-serif\">\u00a0<\/span><\/strong><\/p>\n","protected":false},"excerpt":{"rendered":"<p>Descri\u00e7\u00e3o do Equipamento:\u00a0C\u00e2mara de Amostragem para An\u00e1lise de G\u00e1s Residual N\u00famero Patrim\u00f4nio: 156903 e 137030 Localiza\u00e7\u00e3o:\u00a0Laborat\u00f3rio de Filmes Finos, Departamento de F\u00edsica &#8211; Pr\u00e9dio 13, Sala 1102 B Respons\u00e1vel pelo equipamento:\u00a0Lucio Strazzabosco Dorneles Contato para agendamento:\u00a0Lucio Strazzabosco Dorneles Fone para agendamento: 3220-8618 E-mail para agendamento:\u00a0lucio.dorneles@ufsm.br\u00a0 Foto do Equipamento: \u00a0<\/p>\n","protected":false},"author":25,"featured_media":497,"comment_status":"closed","ping_status":"closed","sticky":false,"template":"","format":"standard","meta":{"footnotes":""},"categories":[19],"tags":[],"class_list":["post-498","post","type-post","status-publish","format-standard","has-post-thumbnail","hentry","category-pro-equipamentos-capes"],"acf":[],"_links":{"self":[{"href":"https:\/\/www.ufsm.br\/pro-reitorias\/prpgp\/multiusuario\/wp-json\/wp\/v2\/posts\/498","targetHints":{"allow":["GET"]}}],"collection":[{"href":"https:\/\/www.ufsm.br\/pro-reitorias\/prpgp\/multiusuario\/wp-json\/wp\/v2\/posts"}],"about":[{"href":"https:\/\/www.ufsm.br\/pro-reitorias\/prpgp\/multiusuario\/wp-json\/wp\/v2\/types\/post"}],"author":[{"embeddable":true,"href":"https:\/\/www.ufsm.br\/pro-reitorias\/prpgp\/multiusuario\/wp-json\/wp\/v2\/users\/25"}],"replies":[{"embeddable":true,"href":"https:\/\/www.ufsm.br\/pro-reitorias\/prpgp\/multiusuario\/wp-json\/wp\/v2\/comments?post=498"}],"version-history":[{"count":0,"href":"https:\/\/www.ufsm.br\/pro-reitorias\/prpgp\/multiusuario\/wp-json\/wp\/v2\/posts\/498\/revisions"}],"wp:featuredmedia":[{"embeddable":true,"href":"https:\/\/www.ufsm.br\/pro-reitorias\/prpgp\/multiusuario\/wp-json\/wp\/v2\/media\/497"}],"wp:attachment":[{"href":"https:\/\/www.ufsm.br\/pro-reitorias\/prpgp\/multiusuario\/wp-json\/wp\/v2\/media?parent=498"}],"wp:term":[{"taxonomy":"category","embeddable":true,"href":"https:\/\/www.ufsm.br\/pro-reitorias\/prpgp\/multiusuario\/wp-json\/wp\/v2\/categories?post=498"},{"taxonomy":"post_tag","embeddable":true,"href":"https:\/\/www.ufsm.br\/pro-reitorias\/prpgp\/multiusuario\/wp-json\/wp\/v2\/tags?post=498"}],"curies":[{"name":"wp","href":"https:\/\/api.w.org\/{rel}","templated":true}]}}