{"id":525,"date":"2017-11-09T11:33:19","date_gmt":"2017-11-09T13:33:19","guid":{"rendered":"https:\/\/www.ufsm.br\/pro-reitorias\/prpgp\/multiusuario\/2017\/11\/09\/server-com-dois-processadores-intel-xeon-westmere-quad-core\/"},"modified":"2021-12-13T08:04:15","modified_gmt":"2021-12-13T11:04:15","slug":"server-com-dois-processadores-intel-xeon-westmere-quad-core","status":"publish","type":"post","link":"https:\/\/www.ufsm.br\/pro-reitorias\/prpgp\/multiusuario\/2017\/11\/09\/server-com-dois-processadores-intel-xeon-westmere-quad-core","title":{"rendered":"Server com dois processadores Intel Xeon \u201cWestmere\u201d quad core"},"content":{"rendered":"<p><strong><span style=\"font-size: 9pt;font-family: Arial, sans-serif\">Descri\u00e7\u00e3o do Equipamento:<\/span><\/strong><span style=\"font-size: 9pt;font-family: Arial, sans-serif\">\u00a0Server com dois processadores Intel Xeon \u201cWestmere\u201d quad core, 2,4 GHz (8 n\u00facleos), 16 GB (8 de 2GB), 2 Drives de disco r\u00edgido ATA Serial de 2 TB, 3 GB\/s, 7200 rpm, ATI Radeon HD 5770, 1GB, One\u00a0 18x SuperDrive (4 unidades)<\/span><\/p>\n<p><strong><span style=\"font-size: 9pt;font-family: Arial, sans-serif\">N\u00famero Patrim\u00f4nio:<\/span><\/strong><span style=\"font-size: 9pt;font-family: Arial, sans-serif\">\u00a0199377 &#8211; 199378 &#8211; 199379 &#8211; 199380<\/span><\/p>\n<p><strong><span style=\"font-size: 9pt;font-family: Arial, sans-serif\">Localiza\u00e7\u00e3o:<\/span><\/strong><span style=\"font-size: 9pt;font-family: Arial, sans-serif\">Laborat\u00f3rio de Computa\u00e7\u00e3o Aplicada (LaCA) Pr\u00e9dio 7, Anexo B do Centro de Tecnologia, Sala 388<\/span><\/p>\n<p><strong><span style=\"font-size: 9pt;font-family: Arial, sans-serif\">Respons\u00e1vel pelo equipamento:\u00a0<\/span><\/strong><span style=\"font-size: 9pt;font-family: Arial, sans-serif\">Marcos Cordeiro D&#8217;Ornellas<\/span><\/p>\n<p><strong><span style=\"font-size: 9pt;font-family: Arial, sans-serif\">Contato para agendamento:\u00a0<\/span><\/strong><span style=\"font-size: 9pt;font-family: Arial, sans-serif\">Marcos Cordeiro D&#8217;Ornellas<\/span><\/p>\n<p><strong><span style=\"font-size: 9pt;font-family: Arial, sans-serif\">Fone para agendamento: <\/span><\/strong><span style=\"font-size: 9pt;font-family: Arial, sans-serif\">3220-8523 subramal 28 ou 9 9991 9931<\/span><\/p>\n<p><strong style=\"font-size: 12.16px\"><span style=\"font-size: 9pt;font-family: Arial, sans-serif\">E-mail para agendamento:\u00a0<\/span><\/strong><span style=\"font-size: 9pt;font-family: Arial, sans-serif\"><a href=\"mailto:marcosdornellas@gmail.com\">marcosdornellas@gmail.com<\/a><\/span><\/p>\n<p><strong><span style=\"font-size: 9pt;font-family: Arial, sans-serif\">Foto dos equipamentos:<\/span><\/strong><\/p>\n<p><img fetchpriority=\"high\" decoding=\"async\" class=\"alignnone size-medium wp-image-1063\" src=\"https:\/\/www.ufsm.br\/app\/uploads\/sites\/775\/2017\/11\/server-199377-225x300.jpg\" alt=\"\" width=\"225\" height=\"300\" srcset=\"https:\/\/www.ufsm.br\/app\/uploads\/sites\/775\/2017\/11\/server-199377-225x300.jpg 225w, https:\/\/www.ufsm.br\/app\/uploads\/sites\/775\/2017\/11\/server-199377.jpg 300w\" sizes=\"(max-width: 225px) 100vw, 225px\" \/> <img decoding=\"async\" class=\"alignnone size-medium wp-image-1064\" src=\"https:\/\/www.ufsm.br\/app\/uploads\/sites\/775\/2017\/11\/server-199378-226x300.jpg\" alt=\"\" width=\"226\" height=\"300\" srcset=\"https:\/\/www.ufsm.br\/app\/uploads\/sites\/775\/2017\/11\/server-199378-226x300.jpg 226w, https:\/\/www.ufsm.br\/app\/uploads\/sites\/775\/2017\/11\/server-199378.jpg 300w\" sizes=\"(max-width: 226px) 100vw, 226px\" \/> <img decoding=\"async\" class=\"alignnone size-medium wp-image-1065\" src=\"https:\/\/www.ufsm.br\/app\/uploads\/sites\/775\/2017\/11\/server-199379-225x300.jpg\" alt=\"\" width=\"225\" height=\"300\" srcset=\"https:\/\/www.ufsm.br\/app\/uploads\/sites\/775\/2017\/11\/server-199379-225x300.jpg 225w, https:\/\/www.ufsm.br\/app\/uploads\/sites\/775\/2017\/11\/server-199379.jpg 300w\" sizes=\"(max-width: 225px) 100vw, 225px\" \/> <img loading=\"lazy\" decoding=\"async\" class=\"alignnone size-medium wp-image-1066\" src=\"https:\/\/www.ufsm.br\/app\/uploads\/sites\/775\/2017\/11\/server-199380-128x300.jpg\" alt=\"\" width=\"128\" height=\"300\" srcset=\"https:\/\/www.ufsm.br\/app\/uploads\/sites\/775\/2017\/11\/server-199380-128x300.jpg 128w, https:\/\/www.ufsm.br\/app\/uploads\/sites\/775\/2017\/11\/server-199380.jpg 300w\" sizes=\"(max-width: 128px) 100vw, 128px\" \/><\/p>\n","protected":false},"excerpt":{"rendered":"<p>Descri\u00e7\u00e3o do Equipamento:\u00a0Server com dois processadores Intel Xeon \u201cWestmere\u201d quad core, 2,4 GHz (8 n\u00facleos), 16 GB (8 de 2GB), 2 Drives de disco r\u00edgido ATA Serial de 2 TB, 3 GB\/s, 7200 rpm, ATI Radeon HD 5770, 1GB, One\u00a0 18x SuperDrive (4 unidades) N\u00famero Patrim\u00f4nio:\u00a0199377 &#8211; 199378 &#8211; 199379 &#8211; 199380 Localiza\u00e7\u00e3o:Laborat\u00f3rio de Computa\u00e7\u00e3o [&hellip;]<\/p>\n","protected":false},"author":25,"featured_media":1065,"comment_status":"closed","ping_status":"closed","sticky":false,"template":"","format":"standard","meta":{"footnotes":""},"categories":[19],"tags":[],"class_list":["post-525","post","type-post","status-publish","format-standard","has-post-thumbnail","hentry","category-pro-equipamentos-capes"],"acf":[],"_links":{"self":[{"href":"https:\/\/www.ufsm.br\/pro-reitorias\/prpgp\/multiusuario\/wp-json\/wp\/v2\/posts\/525","targetHints":{"allow":["GET"]}}],"collection":[{"href":"https:\/\/www.ufsm.br\/pro-reitorias\/prpgp\/multiusuario\/wp-json\/wp\/v2\/posts"}],"about":[{"href":"https:\/\/www.ufsm.br\/pro-reitorias\/prpgp\/multiusuario\/wp-json\/wp\/v2\/types\/post"}],"author":[{"embeddable":true,"href":"https:\/\/www.ufsm.br\/pro-reitorias\/prpgp\/multiusuario\/wp-json\/wp\/v2\/users\/25"}],"replies":[{"embeddable":true,"href":"https:\/\/www.ufsm.br\/pro-reitorias\/prpgp\/multiusuario\/wp-json\/wp\/v2\/comments?post=525"}],"version-history":[{"count":0,"href":"https:\/\/www.ufsm.br\/pro-reitorias\/prpgp\/multiusuario\/wp-json\/wp\/v2\/posts\/525\/revisions"}],"wp:featuredmedia":[{"embeddable":true,"href":"https:\/\/www.ufsm.br\/pro-reitorias\/prpgp\/multiusuario\/wp-json\/wp\/v2\/media\/1065"}],"wp:attachment":[{"href":"https:\/\/www.ufsm.br\/pro-reitorias\/prpgp\/multiusuario\/wp-json\/wp\/v2\/media?parent=525"}],"wp:term":[{"taxonomy":"category","embeddable":true,"href":"https:\/\/www.ufsm.br\/pro-reitorias\/prpgp\/multiusuario\/wp-json\/wp\/v2\/categories?post=525"},{"taxonomy":"post_tag","embeddable":true,"href":"https:\/\/www.ufsm.br\/pro-reitorias\/prpgp\/multiusuario\/wp-json\/wp\/v2\/tags?post=525"}],"curies":[{"name":"wp","href":"https:\/\/api.w.org\/{rel}","templated":true}]}}