{"id":526,"date":"2017-11-09T11:34:34","date_gmt":"2017-11-09T13:34:34","guid":{"rendered":"https:\/\/www.ufsm.br\/pro-reitorias\/prpgp\/multiusuario\/2017\/11\/09\/eletroencefalografo-polisonografo-portatil\/"},"modified":"2021-12-17T15:08:51","modified_gmt":"2021-12-17T18:08:51","slug":"eletroencefalografo-polisonografo-portatil","status":"publish","type":"post","link":"https:\/\/www.ufsm.br\/pro-reitorias\/prpgp\/multiusuario\/2017\/11\/09\/eletroencefalografo-polisonografo-portatil","title":{"rendered":"Eletroencefal\u00f3grafo \/ Polison\u00f3grafo port\u00e1til"},"content":{"rendered":"<p><strong><span style=\"font-size: 9pt;font-family: Arial, sans-serif\">Descri\u00e7\u00e3o do Equipamento:<\/span><\/strong><span style=\"font-size: 9pt;font-family: Arial, sans-serif\">\u00a0Eletroencefal\u00f3grafo \/ Polison\u00f3grafo port\u00e1til<\/span><\/p>\n<p><strong><span style=\"font-size: 9pt;font-family: Arial, sans-serif\">N\u00famero Patrim\u00f4nio:<\/span><\/strong><span style=\"font-size: 9pt;font-family: Arial, sans-serif\">\u00a0212705<\/span><\/p>\n<p><strong><span style=\"font-size: 9pt;font-family: Arial, sans-serif\">Localiza\u00e7\u00e3o:\u00a0<\/span><\/strong><span style=\"font-size: 9pt;font-family: Arial, sans-serif\">Centro de Tecnologia &#8211; Anexo B, 2\u00ba andar (Gmicro), sala 284<\/span><\/p>\n<p><strong><span style=\"font-size: 9pt;font-family: Arial, sans-serif\">Respons\u00e1vel pelo equipamento:\u00a0<\/span><\/strong><span style=\"font-size: 9pt;font-family: Arial, sans-serif\">Andr\u00e9 Luiz Aita ou Cesar Augusto Prior<\/span><\/p>\n<p><strong><span style=\"font-size: 9pt;font-family: Arial, sans-serif\">Contato para agendamento:<\/span><\/strong> <span style=\"font-size: 9pt;font-family: Arial, sans-serif\">Andr\u00e9 Luiz Aita ou Cesar Augusto Prior<\/span><\/p>\n<p><strong><span style=\"font-size: 9pt;font-family: Arial, sans-serif\">Fone para agendamento: <\/span><\/strong><span style=\"font-size: 9pt;font-family: Arial, sans-serif\">3220 8413 -209 ou 211<\/span><\/p>\n<p><strong><span style=\"font-size: 9pt;font-family: Arial, sans-serif\">E-mail para agendamento: <\/span><\/strong><span style=\"font-size: 9pt;font-family: Arial, sans-serif\"><a href=\"mailto:aaita@inf.ufsm.br\">aaita@inf.ufsm.br<\/a> ou <a href=\"mailto:cesar.prior@ufsm.br\">cesar.prior@ufsm.br<\/a><\/span><\/p>\n<p><strong><span style=\"font-size: 9pt;font-family: Arial, sans-serif\">Foto do equipamento:<\/span><\/strong><\/p>\n<p style=\"text-align: left\"><strong><span style=\"font-size: 9pt;font-family: Arial, sans-serif\"><img fetchpriority=\"high\" decoding=\"async\" class=\"size-medium wp-image-908 alignleft\" src=\"https:\/\/www.ufsm.br\/app\/uploads\/sites\/775\/2017\/11\/Eletroencefalografo-Polisonografo-portatil-225x300.jpg\" alt=\"\" width=\"225\" height=\"300\" srcset=\"https:\/\/www.ufsm.br\/app\/uploads\/sites\/775\/2017\/11\/Eletroencefalografo-Polisonografo-portatil-225x300.jpg 225w, https:\/\/www.ufsm.br\/app\/uploads\/sites\/775\/2017\/11\/Eletroencefalografo-Polisonografo-portatil-768x1024.jpg 768w, https:\/\/www.ufsm.br\/app\/uploads\/sites\/775\/2017\/11\/Eletroencefalografo-Polisonografo-portatil-1152x1536.jpg 1152w, https:\/\/www.ufsm.br\/app\/uploads\/sites\/775\/2017\/11\/Eletroencefalografo-Polisonografo-portatil-1536x2048.jpg 1536w, https:\/\/www.ufsm.br\/app\/uploads\/sites\/775\/2017\/11\/Eletroencefalografo-Polisonografo-portatil.jpg 1920w\" sizes=\"(max-width: 225px) 100vw, 225px\" \/><\/span><\/strong><\/p>\n","protected":false},"excerpt":{"rendered":"<p>Descri\u00e7\u00e3o do Equipamento:\u00a0Eletroencefal\u00f3grafo \/ Polison\u00f3grafo port\u00e1til N\u00famero Patrim\u00f4nio:\u00a0212705 Localiza\u00e7\u00e3o:\u00a0Centro de Tecnologia &#8211; Anexo B, 2\u00ba andar (Gmicro), sala 284 Respons\u00e1vel pelo equipamento:\u00a0Andr\u00e9 Luiz Aita ou Cesar Augusto Prior Contato para agendamento: Andr\u00e9 Luiz Aita ou Cesar Augusto Prior Fone para agendamento: 3220 8413 -209 ou 211 E-mail para agendamento: aaita@inf.ufsm.br ou cesar.prior@ufsm.br Foto do equipamento:<\/p>\n","protected":false},"author":25,"featured_media":1022,"comment_status":"closed","ping_status":"closed","sticky":false,"template":"","format":"standard","meta":{"footnotes":""},"categories":[19],"tags":[],"class_list":["post-526","post","type-post","status-publish","format-standard","has-post-thumbnail","hentry","category-pro-equipamentos-capes"],"acf":[],"_links":{"self":[{"href":"https:\/\/www.ufsm.br\/pro-reitorias\/prpgp\/multiusuario\/wp-json\/wp\/v2\/posts\/526","targetHints":{"allow":["GET"]}}],"collection":[{"href":"https:\/\/www.ufsm.br\/pro-reitorias\/prpgp\/multiusuario\/wp-json\/wp\/v2\/posts"}],"about":[{"href":"https:\/\/www.ufsm.br\/pro-reitorias\/prpgp\/multiusuario\/wp-json\/wp\/v2\/types\/post"}],"author":[{"embeddable":true,"href":"https:\/\/www.ufsm.br\/pro-reitorias\/prpgp\/multiusuario\/wp-json\/wp\/v2\/users\/25"}],"replies":[{"embeddable":true,"href":"https:\/\/www.ufsm.br\/pro-reitorias\/prpgp\/multiusuario\/wp-json\/wp\/v2\/comments?post=526"}],"version-history":[{"count":0,"href":"https:\/\/www.ufsm.br\/pro-reitorias\/prpgp\/multiusuario\/wp-json\/wp\/v2\/posts\/526\/revisions"}],"wp:featuredmedia":[{"embeddable":true,"href":"https:\/\/www.ufsm.br\/pro-reitorias\/prpgp\/multiusuario\/wp-json\/wp\/v2\/media\/1022"}],"wp:attachment":[{"href":"https:\/\/www.ufsm.br\/pro-reitorias\/prpgp\/multiusuario\/wp-json\/wp\/v2\/media?parent=526"}],"wp:term":[{"taxonomy":"category","embeddable":true,"href":"https:\/\/www.ufsm.br\/pro-reitorias\/prpgp\/multiusuario\/wp-json\/wp\/v2\/categories?post=526"},{"taxonomy":"post_tag","embeddable":true,"href":"https:\/\/www.ufsm.br\/pro-reitorias\/prpgp\/multiusuario\/wp-json\/wp\/v2\/tags?post=526"}],"curies":[{"name":"wp","href":"https:\/\/api.w.org\/{rel}","templated":true}]}}