{"id":529,"date":"2017-11-09T11:39:58","date_gmt":"2017-11-09T13:39:58","guid":{"rendered":"https:\/\/www.ufsm.br\/pro-reitorias\/prpgp\/multiusuario\/2017\/11\/09\/camera-termica-p-testes-e-caracterizacao-de-circuitos-integrados-e-sistemas-mod-vt-7004\/"},"modified":"2021-12-17T13:51:42","modified_gmt":"2021-12-17T16:51:42","slug":"camera-termica-p-testes-e-caracterizacao-de-circuitos-integrados-e-sistemas-mod-vt-7004","status":"publish","type":"post","link":"https:\/\/www.ufsm.br\/pro-reitorias\/prpgp\/multiusuario\/2017\/11\/09\/camera-termica-p-testes-e-caracterizacao-de-circuitos-integrados-e-sistemas-mod-vt-7004","title":{"rendered":"C\u00e2mera T\u00e9rmica p\/ testes e caracteriza\u00e7\u00e3o de circuitos integrados e sistemas, mod. VT 7004"},"content":{"rendered":"<p><strong><span style=\"font-size: 9pt;font-family: Arial, sans-serif\">Descri\u00e7\u00e3o do Equipamento:<\/span><\/strong><span style=\"font-size: 9pt;font-family: Arial, sans-serif\">\u00a0C\u00e2mera T\u00e9rmica p\/ testes e caracteriza\u00e7\u00e3o de circuitos integrados e sistemas, mod. VT 7004<\/span><\/p>\n<p><strong><span style=\"font-size: 9pt;font-family: Arial, sans-serif\">N\u00famero Patrim\u00f4nio:<\/span><\/strong><span style=\"font-size: 9pt;font-family: Arial, sans-serif\">\u00a0242499<\/span><\/p>\n<p><strong><span style=\"font-size: 9pt;font-family: Arial, sans-serif\">Localiza\u00e7\u00e3o:<\/span><\/strong><span style=\"font-size: 9pt;font-family: Arial, sans-serif\">Centro de Tecnologia- Anexo B, 2\u00ba andar (Gmicro), sala 284<\/span><\/p>\n<p><strong><span style=\"font-size: 9pt;font-family: Arial, sans-serif\">Respons\u00e1vel pelo equipamento:\u00a0<\/span><\/strong><span style=\"font-size: 9pt;font-family: Arial, sans-serif\">Cesar Augusto Prior \/ Andre Luiz Aita<\/span><\/p>\n<p><strong><span style=\"font-size: 9pt;font-family: Arial, sans-serif\">Contato para agendamento:\u00a0<\/span><\/strong><span style=\"font-size: 9pt;font-family: Arial, sans-serif\">Cesar Augusto Prior \/Andre Luiz Aita<\/span><\/p>\n<p><strong><span style=\"font-size: 9pt;font-family: Arial, sans-serif\">Fone para agendamento: <\/span><\/strong><span style=\"font-size: 9pt;font-family: Arial, sans-serif\">3220 9423 subramal 209 e 211<\/span><\/p>\n<p><strong><span style=\"font-size: 9pt;font-family: Arial, sans-serif\">E-mail para agendamento: <\/span><\/strong><span style=\"font-size: 9pt;font-family: Arial, sans-serif\">aaita@inf.ufsm.br ou cesar.prior@ufsm.br<\/span><\/p>\n<p><strong><span style=\"font-size: 9pt;font-family: Arial, sans-serif\"> Foto do Equipamento:<\/span><\/strong><\/p>\n<p><img fetchpriority=\"high\" decoding=\"async\" class=\"alignnone size-medium wp-image-997\" src=\"https:\/\/www.ufsm.br\/app\/uploads\/sites\/775\/2017\/11\/CamaraTermica-225x300.jpg\" alt=\"\" width=\"225\" height=\"300\" srcset=\"https:\/\/www.ufsm.br\/app\/uploads\/sites\/775\/2017\/11\/CamaraTermica-225x300.jpg 225w, https:\/\/www.ufsm.br\/app\/uploads\/sites\/775\/2017\/11\/CamaraTermica-768x1024.jpg 768w, https:\/\/www.ufsm.br\/app\/uploads\/sites\/775\/2017\/11\/CamaraTermica-1152x1536.jpg 1152w, https:\/\/www.ufsm.br\/app\/uploads\/sites\/775\/2017\/11\/CamaraTermica-1536x2048.jpg 1536w, https:\/\/www.ufsm.br\/app\/uploads\/sites\/775\/2017\/11\/CamaraTermica.jpg 1920w\" sizes=\"(max-width: 225px) 100vw, 225px\" \/><\/p>\n\n","protected":false},"excerpt":{"rendered":"<p>Descri\u00e7\u00e3o do Equipamento:\u00a0C\u00e2mera T\u00e9rmica p\/ testes e caracteriza\u00e7\u00e3o de circuitos integrados e sistemas, mod. VT 7004 N\u00famero Patrim\u00f4nio:\u00a0242499 Localiza\u00e7\u00e3o:Centro de Tecnologia- Anexo B, 2\u00ba andar (Gmicro), sala 284 Respons\u00e1vel pelo equipamento:\u00a0Cesar Augusto Prior \/ Andre Luiz Aita Contato para agendamento:\u00a0Cesar Augusto Prior \/Andre Luiz Aita Fone para agendamento: 3220 9423 subramal 209 e 211 E-mail [&hellip;]<\/p>\n","protected":false},"author":25,"featured_media":997,"comment_status":"closed","ping_status":"closed","sticky":false,"template":"","format":"standard","meta":{"footnotes":""},"categories":[19],"tags":[],"class_list":["post-529","post","type-post","status-publish","format-standard","has-post-thumbnail","hentry","category-pro-equipamentos-capes"],"acf":[],"_links":{"self":[{"href":"https:\/\/www.ufsm.br\/pro-reitorias\/prpgp\/multiusuario\/wp-json\/wp\/v2\/posts\/529","targetHints":{"allow":["GET"]}}],"collection":[{"href":"https:\/\/www.ufsm.br\/pro-reitorias\/prpgp\/multiusuario\/wp-json\/wp\/v2\/posts"}],"about":[{"href":"https:\/\/www.ufsm.br\/pro-reitorias\/prpgp\/multiusuario\/wp-json\/wp\/v2\/types\/post"}],"author":[{"embeddable":true,"href":"https:\/\/www.ufsm.br\/pro-reitorias\/prpgp\/multiusuario\/wp-json\/wp\/v2\/users\/25"}],"replies":[{"embeddable":true,"href":"https:\/\/www.ufsm.br\/pro-reitorias\/prpgp\/multiusuario\/wp-json\/wp\/v2\/comments?post=529"}],"version-history":[{"count":0,"href":"https:\/\/www.ufsm.br\/pro-reitorias\/prpgp\/multiusuario\/wp-json\/wp\/v2\/posts\/529\/revisions"}],"wp:featuredmedia":[{"embeddable":true,"href":"https:\/\/www.ufsm.br\/pro-reitorias\/prpgp\/multiusuario\/wp-json\/wp\/v2\/media\/997"}],"wp:attachment":[{"href":"https:\/\/www.ufsm.br\/pro-reitorias\/prpgp\/multiusuario\/wp-json\/wp\/v2\/media?parent=529"}],"wp:term":[{"taxonomy":"category","embeddable":true,"href":"https:\/\/www.ufsm.br\/pro-reitorias\/prpgp\/multiusuario\/wp-json\/wp\/v2\/categories?post=529"},{"taxonomy":"post_tag","embeddable":true,"href":"https:\/\/www.ufsm.br\/pro-reitorias\/prpgp\/multiusuario\/wp-json\/wp\/v2\/tags?post=529"}],"curies":[{"name":"wp","href":"https:\/\/api.w.org\/{rel}","templated":true}]}}