{"id":531,"date":"2017-11-09T11:42:48","date_gmt":"2017-11-09T13:42:48","guid":{"rendered":"https:\/\/www.ufsm.br\/pro-reitorias\/prpgp\/multiusuario\/2017\/11\/09\/mesa-de-higienizacao-tamanho-especial-para-um-operador\/"},"modified":"2021-12-22T11:07:58","modified_gmt":"2021-12-22T14:07:58","slug":"mesa-de-higienizacao-tamanho-especial-para-um-operador","status":"publish","type":"post","link":"https:\/\/www.ufsm.br\/pro-reitorias\/prpgp\/multiusuario\/2017\/11\/09\/mesa-de-higienizacao-tamanho-especial-para-um-operador","title":{"rendered":"Mesa de Higieniza\u00e7\u00e3o tamanho especial para um operador"},"content":{"rendered":"<p style=\"font-size: 12.16px\"><strong><span style=\"font-size: 9pt;font-family: Arial, sans-serif\">Descri\u00e7\u00e3o do Equipamento:<\/span><\/strong><span style=\"font-size: 9pt;font-family: Arial, sans-serif\">\u00a0Mesa de Higieniza\u00e7\u00e3o tamanho especial para um operador<\/span><\/p>\n<p style=\"font-size: 12.16px\"><strong><span style=\"font-size: 9pt;font-family: Arial, sans-serif\">N\u00famero Patrim\u00f4nio:<\/span><\/strong><span style=\"font-size: 9pt;font-family: Arial, sans-serif\">\u00a0225424<\/span><\/p>\n<p style=\"font-size: 12.16px\"><strong><span style=\"font-size: 9pt;font-family: Arial, sans-serif\">Localiza\u00e7\u00e3o: <\/span><\/strong><span style=\"font-size: 9pt;font-family: Arial, sans-serif\">Centro de Documenta\u00e7\u00e3o e Mem\u00f3ria &#8211; Sala de Higieniza\u00e7\u00e3o &#8211; Espa\u00e7o Multidisciplinar de Pesquisa e Extens\u00e3o &#8211; Silveira Martins<\/span><\/p>\n<p style=\"font-size: 12.16px\"><strong><span style=\"font-size: 9pt;font-family: Arial, sans-serif\">Respons\u00e1vel pelo equipamento:\u00a0<\/span><\/strong><span style=\"font-size: 9pt;font-family: Arial, sans-serif\">Amanda E. Scherer<\/span><\/p>\n<p style=\"font-size: 12.16px\"><strong><span style=\"font-size: 9pt;font-family: Arial, sans-serif\">Contato para agendamento:\u00a0<\/span><\/strong><span style=\"font-size: 9pt;font-family: Arial, sans-serif\">Amanda E. Scherer<\/span><\/p>\n<p style=\"font-size: 12.16px\"><strong><span style=\"font-size: 9pt;font-family: Arial, sans-serif\">Fone para agendamento: <\/span><\/strong><span style=\"font-size: 9pt;font-family: Arial, sans-serif\">55 98128 3560<\/span><\/p>\n<p style=\"font-size: 12.16px\"><strong><span style=\"font-size: 9pt;font-family: Arial, sans-serif\">E-mail para agendamento:\u00a0<\/span><\/strong><span style=\"font-size: 9pt;font-family: Arial, sans-serif\"><a href=\"mailto:amanda.scherer@gmail.com\">amanda.scherer@gmail.com<\/a><\/span><\/p>\n<p><strong><span style=\"font-size: 9pt;font-family: Arial, sans-serif\">Foto do equipamento:<\/span><\/strong><\/p>\n<p><img fetchpriority=\"high\" decoding=\"async\" class=\"alignnone size-medium wp-image-919 alignleft\" src=\"https:\/\/www.ufsm.br\/app\/uploads\/sites\/775\/2017\/11\/PRPGP-Edital-Pro-equipamentos-CAPES-mais-fotos-8-225x300.jpg\" alt=\"\" width=\"225\" height=\"300\" srcset=\"https:\/\/www.ufsm.br\/app\/uploads\/sites\/775\/2017\/11\/PRPGP-Edital-Pro-equipamentos-CAPES-mais-fotos-8-225x300.jpg 225w, https:\/\/www.ufsm.br\/app\/uploads\/sites\/775\/2017\/11\/PRPGP-Edital-Pro-equipamentos-CAPES-mais-fotos-8-768x1024.jpg 768w, https:\/\/www.ufsm.br\/app\/uploads\/sites\/775\/2017\/11\/PRPGP-Edital-Pro-equipamentos-CAPES-mais-fotos-8-1152x1536.jpg 1152w, https:\/\/www.ufsm.br\/app\/uploads\/sites\/775\/2017\/11\/PRPGP-Edital-Pro-equipamentos-CAPES-mais-fotos-8-1536x2048.jpg 1536w, https:\/\/www.ufsm.br\/app\/uploads\/sites\/775\/2017\/11\/PRPGP-Edital-Pro-equipamentos-CAPES-mais-fotos-8.jpg 1920w\" sizes=\"(max-width: 225px) 100vw, 225px\" \/><\/p>\n","protected":false},"excerpt":{"rendered":"<p>Descri\u00e7\u00e3o do Equipamento:\u00a0Mesa de Higieniza\u00e7\u00e3o tamanho especial para um operador N\u00famero Patrim\u00f4nio:\u00a0225424 Localiza\u00e7\u00e3o: Centro de Documenta\u00e7\u00e3o e Mem\u00f3ria &#8211; Sala de Higieniza\u00e7\u00e3o &#8211; Espa\u00e7o Multidisciplinar de Pesquisa e Extens\u00e3o &#8211; Silveira Martins Respons\u00e1vel pelo equipamento:\u00a0Amanda E. Scherer Contato para agendamento:\u00a0Amanda E. Scherer Fone para agendamento: 55 98128 3560 E-mail para agendamento:\u00a0amanda.scherer@gmail.com Foto do equipamento:<\/p>\n","protected":false},"author":25,"featured_media":919,"comment_status":"closed","ping_status":"closed","sticky":false,"template":"","format":"standard","meta":{"footnotes":""},"categories":[19],"tags":[],"class_list":["post-531","post","type-post","status-publish","format-standard","has-post-thumbnail","hentry","category-pro-equipamentos-capes"],"acf":[],"_links":{"self":[{"href":"https:\/\/www.ufsm.br\/pro-reitorias\/prpgp\/multiusuario\/wp-json\/wp\/v2\/posts\/531","targetHints":{"allow":["GET"]}}],"collection":[{"href":"https:\/\/www.ufsm.br\/pro-reitorias\/prpgp\/multiusuario\/wp-json\/wp\/v2\/posts"}],"about":[{"href":"https:\/\/www.ufsm.br\/pro-reitorias\/prpgp\/multiusuario\/wp-json\/wp\/v2\/types\/post"}],"author":[{"embeddable":true,"href":"https:\/\/www.ufsm.br\/pro-reitorias\/prpgp\/multiusuario\/wp-json\/wp\/v2\/users\/25"}],"replies":[{"embeddable":true,"href":"https:\/\/www.ufsm.br\/pro-reitorias\/prpgp\/multiusuario\/wp-json\/wp\/v2\/comments?post=531"}],"version-history":[{"count":0,"href":"https:\/\/www.ufsm.br\/pro-reitorias\/prpgp\/multiusuario\/wp-json\/wp\/v2\/posts\/531\/revisions"}],"wp:featuredmedia":[{"embeddable":true,"href":"https:\/\/www.ufsm.br\/pro-reitorias\/prpgp\/multiusuario\/wp-json\/wp\/v2\/media\/919"}],"wp:attachment":[{"href":"https:\/\/www.ufsm.br\/pro-reitorias\/prpgp\/multiusuario\/wp-json\/wp\/v2\/media?parent=531"}],"wp:term":[{"taxonomy":"category","embeddable":true,"href":"https:\/\/www.ufsm.br\/pro-reitorias\/prpgp\/multiusuario\/wp-json\/wp\/v2\/categories?post=531"},{"taxonomy":"post_tag","embeddable":true,"href":"https:\/\/www.ufsm.br\/pro-reitorias\/prpgp\/multiusuario\/wp-json\/wp\/v2\/tags?post=531"}],"curies":[{"name":"wp","href":"https:\/\/api.w.org\/{rel}","templated":true}]}}