{"id":567,"date":"2017-11-09T12:50:13","date_gmt":"2017-11-09T14:50:13","guid":{"rendered":"https:\/\/www.ufsm.br\/pro-reitorias\/prpgp\/multiusuario\/2017\/11\/09\/sistema-integrado-de-cromatografia\/"},"modified":"2021-11-30T10:21:20","modified_gmt":"2021-11-30T13:21:20","slug":"sistema-integrado-de-cromatografia","status":"publish","type":"post","link":"https:\/\/www.ufsm.br\/pro-reitorias\/prpgp\/multiusuario\/2017\/11\/09\/sistema-integrado-de-cromatografia","title":{"rendered":"Sistema Integrado de Cromatografia"},"content":{"rendered":"<p><strong><span style=\"font-size: 9pt;font-family: Arial, sans-serif\">Descri\u00e7\u00e3o do Equipamento:<\/span><\/strong><span style=\"font-size: 9pt;font-family: Arial, sans-serif\">\u00a0Sistema Integrado de Cromatografia<\/span><\/p>\n<p><strong><span style=\"font-size: 9pt;font-family: Arial, sans-serif\">N\u00famero Patrim\u00f4nio:<\/span><\/strong><span style=\"font-size: 9pt;font-family: Arial, sans-serif\">\u00a0Sistema de Cromatografia &#8211; 196106 e Cromat\u00f3grafo Gasoso &#8211; 196107<\/span><\/p>\n<p><strong><span style=\"font-size: 9pt;font-family: Arial, sans-serif\">Localiza\u00e7\u00e3o:\u00a0<\/span><\/strong><span style=\"font-size: 9pt;font-family: Arial, sans-serif\">Pr\u00e9dio 17, Laborat\u00f3rio 1442B (196106)\u00a0 e\u00a0 \u00a0Pr\u00e9dio 18, Laborat\u00f3rio 2027 (196107)<\/span><\/p>\n<p><strong><span style=\"font-size: 9pt;font-family: Arial, sans-serif\">Respons\u00e1vel pelo equipamento:\u00a0<\/span><\/strong><span style=\"font-size: 9pt;font-family: Arial, sans-serif\">Cristiano Giacomelli (196106) e\u00a0 Ernesto S Lang (196107)<\/span><\/p>\n<p><strong><span style=\"font-size: 9pt;font-family: Arial, sans-serif\">Contato para agendamento:\u00a0<\/span><\/strong><span style=\"font-size: 9pt;font-family: Arial, sans-serif\">Cristiano Giacomelli (196106) e\u00a0 Ernesto S Lang (196107)<\/span><\/p>\n<p><strong><span style=\"font-size: 9pt;font-family: Arial, sans-serif\">Fone para agendamento: <\/span><\/strong><span style=\"font-size: 9pt;font-family: Arial, sans-serif\">3220 9483 &#8211; Cristiano Giacomelli\u00a0 \u00a0e\u00a0 3220 8980 &#8211; Ernesto Lang<\/span><\/p>\n<p><strong><span style=\"font-size: 9pt;font-family: Arial, sans-serif\">E-mail para agendamento:\u00a0<\/span><\/strong><span style=\"font-size: 9pt;font-family: Arial, sans-serif\"><a href=\"mailto:cgiacomelli@ufsm.br\">cgiacomelli@ufsm.br<\/a><\/span><span style=\"font-size: 9pt;font-family: Arial, sans-serif\">\u00a0 e\u00a0 <a href=\"mailto:eslang@ufsm.br\">eslang@ufsm.br<\/a><\/span><\/p>\n<p><strong><span style=\"font-size: 9pt;font-family: Arial, sans-serif\">Foto do equipamento:<\/span><\/strong><\/p>\n<p><strong><span style=\"font-size: 9pt;font-family: Arial, sans-serif\"><img fetchpriority=\"high\" decoding=\"async\" class=\"alignnone size-medium wp-image-957\" src=\"https:\/\/www.ufsm.br\/app\/uploads\/sites\/775\/2017\/11\/Cromatografo-a-gas-216x300.jpg\" alt=\"\" width=\"216\" height=\"300\" srcset=\"https:\/\/www.ufsm.br\/app\/uploads\/sites\/775\/2017\/11\/Cromatografo-a-gas-216x300.jpg 216w, https:\/\/www.ufsm.br\/app\/uploads\/sites\/775\/2017\/11\/Cromatografo-a-gas.jpg 399w\" sizes=\"(max-width: 216px) 100vw, 216px\" \/> \u00a0 \u00a0 \u00a0 \u00a0 \u00a0 \u00a0 \u00a0 \u00a0<\/span><\/strong><\/p>\n","protected":false},"excerpt":{"rendered":"<p>Descri\u00e7\u00e3o do Equipamento:\u00a0Sistema Integrado de Cromatografia N\u00famero Patrim\u00f4nio:\u00a0Sistema de Cromatografia &#8211; 196106 e Cromat\u00f3grafo Gasoso &#8211; 196107 Localiza\u00e7\u00e3o:\u00a0Pr\u00e9dio 17, Laborat\u00f3rio 1442B (196106)\u00a0 e\u00a0 \u00a0Pr\u00e9dio 18, Laborat\u00f3rio 2027 (196107) Respons\u00e1vel pelo equipamento:\u00a0Cristiano Giacomelli (196106) e\u00a0 Ernesto S Lang (196107) Contato para agendamento:\u00a0Cristiano Giacomelli (196106) e\u00a0 Ernesto S Lang (196107) Fone para agendamento: 3220 9483 &#8211; Cristiano [&hellip;]<\/p>\n","protected":false},"author":25,"featured_media":957,"comment_status":"closed","ping_status":"closed","sticky":false,"template":"","format":"standard","meta":{"footnotes":""},"categories":[19],"tags":[],"class_list":["post-567","post","type-post","status-publish","format-standard","has-post-thumbnail","hentry","category-pro-equipamentos-capes"],"acf":[],"_links":{"self":[{"href":"https:\/\/www.ufsm.br\/pro-reitorias\/prpgp\/multiusuario\/wp-json\/wp\/v2\/posts\/567","targetHints":{"allow":["GET"]}}],"collection":[{"href":"https:\/\/www.ufsm.br\/pro-reitorias\/prpgp\/multiusuario\/wp-json\/wp\/v2\/posts"}],"about":[{"href":"https:\/\/www.ufsm.br\/pro-reitorias\/prpgp\/multiusuario\/wp-json\/wp\/v2\/types\/post"}],"author":[{"embeddable":true,"href":"https:\/\/www.ufsm.br\/pro-reitorias\/prpgp\/multiusuario\/wp-json\/wp\/v2\/users\/25"}],"replies":[{"embeddable":true,"href":"https:\/\/www.ufsm.br\/pro-reitorias\/prpgp\/multiusuario\/wp-json\/wp\/v2\/comments?post=567"}],"version-history":[{"count":0,"href":"https:\/\/www.ufsm.br\/pro-reitorias\/prpgp\/multiusuario\/wp-json\/wp\/v2\/posts\/567\/revisions"}],"wp:featuredmedia":[{"embeddable":true,"href":"https:\/\/www.ufsm.br\/pro-reitorias\/prpgp\/multiusuario\/wp-json\/wp\/v2\/media\/957"}],"wp:attachment":[{"href":"https:\/\/www.ufsm.br\/pro-reitorias\/prpgp\/multiusuario\/wp-json\/wp\/v2\/media?parent=567"}],"wp:term":[{"taxonomy":"category","embeddable":true,"href":"https:\/\/www.ufsm.br\/pro-reitorias\/prpgp\/multiusuario\/wp-json\/wp\/v2\/categories?post=567"},{"taxonomy":"post_tag","embeddable":true,"href":"https:\/\/www.ufsm.br\/pro-reitorias\/prpgp\/multiusuario\/wp-json\/wp\/v2\/tags?post=567"}],"curies":[{"name":"wp","href":"https:\/\/api.w.org\/{rel}","templated":true}]}}