{"id":572,"date":"2017-11-09T12:58:55","date_gmt":"2017-11-09T14:58:55","guid":{"rendered":"https:\/\/www.ufsm.br\/pro-reitorias\/prpgp\/multiusuario\/2017\/11\/09\/vcx-750-750-watt-ultrasonic-processor\/"},"modified":"2021-11-30T10:28:19","modified_gmt":"2021-11-30T13:28:19","slug":"vcx-750-750-watt-ultrasonic-processor","status":"publish","type":"post","link":"https:\/\/www.ufsm.br\/pro-reitorias\/prpgp\/multiusuario\/2017\/11\/09\/vcx-750-750-watt-ultrasonic-processor","title":{"rendered":"VCX 750 &#8211; 750 Watt Ultrasonic Processor"},"content":{"rendered":"<p><strong><span style=\"font-size: 9pt;font-family: Arial, sans-serif\">Descri\u00e7\u00e3o do Equipamento:<\/span><\/strong><span style=\"font-size: 9pt;font-family: Arial, sans-serif\">\u00a0VCX 750 &#8211; 750 Watt Ultrasonic Processor<\/span><\/p>\n<p><strong><span style=\"font-size: 9pt;font-family: Arial, sans-serif\">N\u00famero Patrim\u00f4nio:<\/span><\/strong><span style=\"font-size: 9pt;font-family: Arial, sans-serif\">\u00a0223147<\/span><\/p>\n<p><strong><span style=\"font-size: 9pt;font-family: Arial, sans-serif\">Localiza\u00e7\u00e3o:\u00a0<\/span><\/strong><span style=\"font-size: 9pt;font-family: Arial, sans-serif\">Laborat\u00f3rio do NAPO, Pr\u00e9dio 15A, Sala 2207<\/span><\/p>\n<p><strong><span style=\"font-size: 9pt;font-family: Arial, sans-serif\">Respons\u00e1vel pelo equipamento:\u00a0<\/span><\/strong><span style=\"font-size: 9pt;font-family: Arial, sans-serif\">Marcos A. P. Martins<\/span><\/p>\n<p><strong><span style=\"font-size: 9pt;font-family: Arial, sans-serif\">Contato para agendamento:\u00a0<\/span><\/strong><span style=\"font-size: 9pt;font-family: Arial, sans-serif\">Marcos A. P. Martins<\/span><\/p>\n<p><strong><span style=\"font-size: 9pt;font-family: Arial, sans-serif\">Fone para agendamento: <\/span><\/strong><span style=\"font-size: 9pt;font-family: Arial, sans-serif\">3220-8756<\/span><\/p>\n<p><strong><span style=\"font-size: 9pt;font-family: Arial, sans-serif\">E-mail para agendamento:\u00a0<\/span><\/strong><span style=\"font-size: 9pt;font-family: Arial, sans-serif\"><a href=\"mailto:napo@ufsm.br\">napo@ufsm.br<\/a><\/span><\/p>\n<p><strong><span style=\"font-size: 9pt;font-family: Arial, sans-serif\">Foto do equipamento:<\/span><\/strong><\/p>\n<p><img fetchpriority=\"high\" decoding=\"async\" class=\"alignnone size-medium wp-image-934 alignleft\" src=\"https:\/\/www.ufsm.br\/app\/uploads\/sites\/775\/2017\/11\/vcx-750-225x300.jpg\" alt=\"\" width=\"225\" height=\"300\" srcset=\"https:\/\/www.ufsm.br\/app\/uploads\/sites\/775\/2017\/11\/vcx-750-225x300.jpg 225w, https:\/\/www.ufsm.br\/app\/uploads\/sites\/775\/2017\/11\/vcx-750-768x1024.jpg 768w, https:\/\/www.ufsm.br\/app\/uploads\/sites\/775\/2017\/11\/vcx-750.jpg 960w\" sizes=\"(max-width: 225px) 100vw, 225px\" \/><\/p>\n","protected":false},"excerpt":{"rendered":"<p>Descri\u00e7\u00e3o do Equipamento:\u00a0VCX 750 &#8211; 750 Watt Ultrasonic Processor N\u00famero Patrim\u00f4nio:\u00a0223147 Localiza\u00e7\u00e3o:\u00a0Laborat\u00f3rio do NAPO, Pr\u00e9dio 15A, Sala 2207 Respons\u00e1vel pelo equipamento:\u00a0Marcos A. P. Martins Contato para agendamento:\u00a0Marcos A. P. Martins Fone para agendamento: 3220-8756 E-mail para agendamento:\u00a0napo@ufsm.br Foto do equipamento:<\/p>\n","protected":false},"author":25,"featured_media":934,"comment_status":"closed","ping_status":"closed","sticky":false,"template":"","format":"standard","meta":{"footnotes":""},"categories":[19],"tags":[],"class_list":["post-572","post","type-post","status-publish","format-standard","has-post-thumbnail","hentry","category-pro-equipamentos-capes"],"acf":[],"_links":{"self":[{"href":"https:\/\/www.ufsm.br\/pro-reitorias\/prpgp\/multiusuario\/wp-json\/wp\/v2\/posts\/572","targetHints":{"allow":["GET"]}}],"collection":[{"href":"https:\/\/www.ufsm.br\/pro-reitorias\/prpgp\/multiusuario\/wp-json\/wp\/v2\/posts"}],"about":[{"href":"https:\/\/www.ufsm.br\/pro-reitorias\/prpgp\/multiusuario\/wp-json\/wp\/v2\/types\/post"}],"author":[{"embeddable":true,"href":"https:\/\/www.ufsm.br\/pro-reitorias\/prpgp\/multiusuario\/wp-json\/wp\/v2\/users\/25"}],"replies":[{"embeddable":true,"href":"https:\/\/www.ufsm.br\/pro-reitorias\/prpgp\/multiusuario\/wp-json\/wp\/v2\/comments?post=572"}],"version-history":[{"count":0,"href":"https:\/\/www.ufsm.br\/pro-reitorias\/prpgp\/multiusuario\/wp-json\/wp\/v2\/posts\/572\/revisions"}],"wp:featuredmedia":[{"embeddable":true,"href":"https:\/\/www.ufsm.br\/pro-reitorias\/prpgp\/multiusuario\/wp-json\/wp\/v2\/media\/934"}],"wp:attachment":[{"href":"https:\/\/www.ufsm.br\/pro-reitorias\/prpgp\/multiusuario\/wp-json\/wp\/v2\/media?parent=572"}],"wp:term":[{"taxonomy":"category","embeddable":true,"href":"https:\/\/www.ufsm.br\/pro-reitorias\/prpgp\/multiusuario\/wp-json\/wp\/v2\/categories?post=572"},{"taxonomy":"post_tag","embeddable":true,"href":"https:\/\/www.ufsm.br\/pro-reitorias\/prpgp\/multiusuario\/wp-json\/wp\/v2\/tags?post=572"}],"curies":[{"name":"wp","href":"https:\/\/api.w.org\/{rel}","templated":true}]}}