{"id":606,"date":"2017-12-21T15:46:28","date_gmt":"2017-12-21T17:46:28","guid":{"rendered":"https:\/\/www.ufsm.br\/pro-reitorias\/prpgp\/multiusuario\/2017\/12\/21\/estufa-incubadora-microprocessada-para-bod-p42\/"},"modified":"2017-12-21T15:46:28","modified_gmt":"2017-12-21T17:46:28","slug":"estufa-incubadora-microprocessada-para-bod-p42","status":"publish","type":"post","link":"https:\/\/www.ufsm.br\/pro-reitorias\/prpgp\/multiusuario\/2017\/12\/21\/estufa-incubadora-microprocessada-para-bod-p42","title":{"rendered":"Estufa Incubadora Microprocessada para BOD P42"},"content":{"rendered":"<p><span style=\"font-family: Arial, sans-serif; font-size: 12px;\">&nbsp;<\/span><strong><span style=\"font-size: 9pt; font-family: Arial, sans-serif;\">Descri\u00e7\u00e3o do Equipamento:<\/span><\/strong><span style=\"font-size: 9pt; font-family: Arial, sans-serif;\">&nbsp;Estufa Incubadora Microprocessada para BOD&nbsp;<\/span><\/p>\n<p style=\"font-size: 12.16px;\"><strong><span style=\"font-size: 9pt; font-family: Arial, sans-serif;\">N\u00famero Patrim\u00f4nio:<\/span><\/strong><span style=\"font-size: 9pt; font-family: Arial, sans-serif;\">&nbsp;200527<\/span><span style=\"font-family: Arial, sans-serif; font-size: 12px;\">&nbsp;<\/span><\/p>\n<p style=\"font-size: 12.16px;\"><strong><span style=\"font-size: 9pt; font-family: Arial, sans-serif;\">Localiza\u00e7\u00e3o:&nbsp;<\/span><\/strong><span style=\"font-size: 9pt; font-family: Arial, sans-serif;\">Pr\u00e9dio 42, Depto. de Defesa Fitossanit\u00e1ria, 2\u00ba andar, Sala 3228<\/span><span style=\"font-family: Arial, sans-serif; font-size: 12px;\">&nbsp;<\/span><\/p>\n<p style=\"font-size: 12.16px;\"><strong><span style=\"font-size: 9pt; font-family: Arial, sans-serif;\">Respons\u00e1vel pelo equipamento:&nbsp;<\/span><\/strong><span style=\"font-size: 9pt; font-family: Arial, sans-serif;\">Jerson Car\u00fas Guedes<\/span><span style=\"font-family: Arial, sans-serif; font-size: 12px;\">&nbsp;<\/span><\/p>\n<p style=\"font-size: 12.16px;\"><strong><span style=\"font-size: 9pt; font-family: Arial, sans-serif;\">Contato para agendamento:&nbsp;<\/span><\/strong><span style=\"font-size: 9pt; font-family: Arial, sans-serif;\">Gustavo Ugalde<\/span><span style=\"font-family: Arial, sans-serif; font-size: 12px;\">&nbsp;<\/span><\/p>\n<p style=\"font-size: 12.16px;\"><strong><span style=\"font-size: 9pt; font-family: Arial, sans-serif;\">Fone para agendamento:<\/span><\/strong><span style=\"font-size: 9pt; font-family: Arial, sans-serif;\">&nbsp;81131747 (Jerson Guedes)<\/span><span style=\"font-family: Arial, sans-serif; font-size: 12px;\">&nbsp;<\/span><\/p>\n<p style=\"font-size: 12.16px;\"><strong><span style=\"font-size: 9pt; font-family: Arial, sans-serif;\">E-mail para agendamento:&nbsp;<a href=\"mailto:jerson.guedes@gmail.com\">&nbsp;<\/a><a href=\"mailto:jerson.guedes@gmail.com\">jerson.guedes@gmail.com<\/a>&nbsp;e&nbsp;<a href=\"mailto:gustavo.ubalde@ufsm.br\">&nbsp;<\/a><a href=\"mailto:gustavo.ubalde@ufsm.br\">gustavo.ubalde@ufsm.br<\/a><a href=\"mailto:gustavo.ubalde@ufsm.br\">&nbsp;<\/a><\/span><\/strong><span style=\"font-family: Arial, sans-serif; font-size: 12px;\">&nbsp;<\/span><\/p>\n<p style=\"font-size: 12.16px;\"><strong><span style=\"font-size: 9pt; font-family: Arial, sans-serif;\">Foto do Equipamento:<\/span><\/strong><\/p>\n<p style=\"font-size: 12.16px;\"><strong><span style=\"font-size: 9pt; font-family: Arial, sans-serif;\"><img fetchpriority=\"high\" decoding=\"async\" class=\" size-full wp-image-605\" src=\"https:\/\/www.ufsm.br\/pro-reitorias\/prpgp\/multiusuario\/wp-content\/uploads\/sites\/775\/2017\/12\/images_equipamentos_CAPES_Estufa-incubadora-200527.jpg\" alt=\"Estufa incubadora 200527\" width=\"300\" height=\"533\" srcset=\"https:\/\/www.ufsm.br\/app\/uploads\/sites\/775\/2017\/12\/images_equipamentos_CAPES_Estufa-incubadora-200527.jpg 300w, https:\/\/www.ufsm.br\/app\/uploads\/sites\/775\/2017\/12\/images_equipamentos_CAPES_Estufa-incubadora-200527-169x300.jpg 169w\" sizes=\"(max-width: 300px) 100vw, 300px\" \/><\/span><\/strong><\/p>\n<p><span style=\"font-family: Arial, sans-serif; font-size: 12px;\">&nbsp;<\/span><\/p>\n","protected":false},"excerpt":{"rendered":"<p>&nbsp;Descri\u00e7\u00e3o do Equipamento:&nbsp;Estufa Incubadora Microprocessada para BOD&nbsp; N\u00famero Patrim\u00f4nio:&nbsp;200527&nbsp; Localiza\u00e7\u00e3o:&nbsp;Pr\u00e9dio 42, Depto. de Defesa Fitossanit\u00e1ria, 2\u00ba andar, Sala 3228&nbsp; Respons\u00e1vel pelo equipamento:&nbsp;Jerson Car\u00fas Guedes&nbsp; Contato para agendamento:&nbsp;Gustavo Ugalde&nbsp; Fone para agendamento:&nbsp;81131747 (Jerson Guedes)&nbsp; E-mail para agendamento:&nbsp;&nbsp;jerson.guedes@gmail.com&nbsp;e&nbsp;&nbsp;gustavo.ubalde@ufsm.br&nbsp;&nbsp; Foto do Equipamento: &nbsp;<\/p>\n","protected":false},"author":25,"featured_media":605,"comment_status":"closed","ping_status":"closed","sticky":false,"template":"","format":"standard","meta":{"footnotes":""},"categories":[19],"tags":[],"class_list":["post-606","post","type-post","status-publish","format-standard","has-post-thumbnail","hentry","category-pro-equipamentos-capes"],"acf":[],"_links":{"self":[{"href":"https:\/\/www.ufsm.br\/pro-reitorias\/prpgp\/multiusuario\/wp-json\/wp\/v2\/posts\/606","targetHints":{"allow":["GET"]}}],"collection":[{"href":"https:\/\/www.ufsm.br\/pro-reitorias\/prpgp\/multiusuario\/wp-json\/wp\/v2\/posts"}],"about":[{"href":"https:\/\/www.ufsm.br\/pro-reitorias\/prpgp\/multiusuario\/wp-json\/wp\/v2\/types\/post"}],"author":[{"embeddable":true,"href":"https:\/\/www.ufsm.br\/pro-reitorias\/prpgp\/multiusuario\/wp-json\/wp\/v2\/users\/25"}],"replies":[{"embeddable":true,"href":"https:\/\/www.ufsm.br\/pro-reitorias\/prpgp\/multiusuario\/wp-json\/wp\/v2\/comments?post=606"}],"version-history":[{"count":0,"href":"https:\/\/www.ufsm.br\/pro-reitorias\/prpgp\/multiusuario\/wp-json\/wp\/v2\/posts\/606\/revisions"}],"wp:featuredmedia":[{"embeddable":true,"href":"https:\/\/www.ufsm.br\/pro-reitorias\/prpgp\/multiusuario\/wp-json\/wp\/v2\/media\/605"}],"wp:attachment":[{"href":"https:\/\/www.ufsm.br\/pro-reitorias\/prpgp\/multiusuario\/wp-json\/wp\/v2\/media?parent=606"}],"wp:term":[{"taxonomy":"category","embeddable":true,"href":"https:\/\/www.ufsm.br\/pro-reitorias\/prpgp\/multiusuario\/wp-json\/wp\/v2\/categories?post=606"},{"taxonomy":"post_tag","embeddable":true,"href":"https:\/\/www.ufsm.br\/pro-reitorias\/prpgp\/multiusuario\/wp-json\/wp\/v2\/tags?post=606"}],"curies":[{"name":"wp","href":"https:\/\/api.w.org\/{rel}","templated":true}]}}