{"id":966,"date":"2021-08-30T10:19:55","date_gmt":"2021-08-30T13:19:55","guid":{"rendered":"https:\/\/www.ufsm.br\/pro-reitorias\/prpgp\/multiusuario\/?p=966"},"modified":"2021-12-17T12:03:19","modified_gmt":"2021-12-17T15:03:19","slug":"balanca-eletronica-analitica-capac-220g-marca-shimazu-mod-ay220-precisao-de-01-mg","status":"publish","type":"post","link":"https:\/\/www.ufsm.br\/pro-reitorias\/prpgp\/multiusuario\/2021\/08\/30\/balanca-eletronica-analitica-capac-220g-marca-shimazu-mod-ay220-precisao-de-01-mg","title":{"rendered":"Balan\u00e7a eletr\u00f4nica anal\u00edtica, capac. 220g marca SHIMAZU, mod AY220, precis\u00e3o de 0,1 mg"},"content":{"rendered":"\n<p><strong style=\"font-size: revert;color: initial\"><span style=\"font-size: 9.0pt;font-family: 'Arial','sans-serif';color: #1c1c1c\">D<\/span><\/strong><strong style=\"font-size: revert;color: initial\"><span style=\"font-size: 9.0pt;font-family: 'Arial','sans-serif';color: #1c1c1c\">escri\u00e7\u00e3o do Equipamento:<\/span><\/strong><span style=\"color: inherit !important;line-height: inherit !important\"><span style=\"font-size: 9.0pt;font-family: 'Arial','sans-serif';color: #1c1c1c\"> Balan\u00e7a eletr\u00f4nica anal\u00edtica, capac. 220g marca\u00a0SHIMAZU,\u00a0mod\u00a0AY220, precis\u00e3o de 0,1 mg<\/span><\/span><\/p>\n<p style=\"margin-top: 0cm;background: white;margin-bottom: 1rem;line-height: inherit !important;text-align: start\"><strong><span style=\"color: inherit !important;line-height: inherit !important\"><span style=\"font-size: 9.0pt;font-family: 'Arial','sans-serif';color: #1c1c1c\">N\u00famero Patrim\u00f4nio:<\/span><\/span><\/strong><span style=\"color: inherit !important;line-height: inherit !important\"><span style=\"font-size: 9.0pt;font-family: 'Arial','sans-serif';color: #1c1c1c\"> 173174<\/span><\/span><\/p>\n<p style=\"margin-top: 0cm;background: white;margin-bottom: 1rem;line-height: inherit !important;text-align: start\"><strong><span style=\"color: inherit !important;line-height: inherit !important\"><span style=\"font-size: 9.0pt;font-family: 'Arial','sans-serif';color: #1c1c1c\">Localiza\u00e7\u00e3o: <\/span><\/span><\/strong><span style=\"color: inherit !important;line-height: inherit !important\"><span style=\"font-size: 9.0pt;font-family: 'Arial','sans-serif';color: #1c1c1c\">Departamento de Fitotecnica- Pr\u00e9dio 77, Sala 54<\/span><\/span><\/p>\n<p style=\"margin-top: 0cm;background: white;margin-bottom: 1rem;line-height: inherit !important;text-align: start\"><strong><span style=\"color: inherit !important;line-height: inherit !important\"><span style=\"font-size: 9.0pt;font-family: 'Arial','sans-serif';color: #1c1c1c\">Respons\u00e1vel pelo equipamento: <\/span><\/span><\/strong><span style=\"color: inherit !important;line-height: inherit !important\"><span style=\"font-size: 9.0pt;font-family: 'Arial','sans-serif';color: #1c1c1c\">Dilson Ant\u00f4nio Bisognin<\/span><\/span><\/p>\n<p style=\"margin-top: 0cm;background: white;margin-bottom: 1rem;line-height: inherit !important;text-align: start\"><strong><span style=\"color: inherit !important;line-height: inherit !important\"><span style=\"font-size: 9.0pt;font-family: 'Arial','sans-serif';color: #1c1c1c\">Contato para agendamento: <\/span><\/span><\/strong><span style=\"color: inherit !important;line-height: inherit !important\"><span style=\"font-size: 9.0pt;font-family: 'Arial','sans-serif';color: #1c1c1c\">Dilson Ant\u00f4nio Bisognin<\/span><\/span><\/p>\n<p style=\"margin-top: 0cm;background: white;margin-bottom: 1rem;line-height: inherit !important;text-align: start\"><strong><span style=\"color: inherit !important;line-height: inherit !important\"><span style=\"font-size: 9.0pt;font-family: 'Arial','sans-serif';color: #1c1c1c\">Fone para agendamento: <\/span><\/span><\/strong><span style=\"color: inherit !important;line-height: inherit !important\"><span style=\"font-size: 9.0pt;font-family: 'Arial','sans-serif';color: #1c1c1c\">3220 8357-232 ou 991154161<\/span><\/span><\/p>\n<p style=\"margin-top: 0cm;background: white;margin-bottom: 1rem;line-height: inherit !important;text-align: start\"><strong><span style=\"color: inherit !important;line-height: inherit !important\"><span style=\"font-size: 9.0pt;font-family: 'Arial','sans-serif';color: #1c1c1c\">E-mail para agendamento: <\/span><\/span><\/strong><span style=\"color: inherit !important;line-height: inherit !important\"><span style=\"font-size: 9.0pt;font-family: 'Arial','sans-serif';color: #1c1c1c\">dilson.bisognin@ufsm.br ou dbisognin@gmail.com\u00a0<\/span><\/span><\/p>\n<p style=\"margin-top: 0cm;background: white;margin-bottom: 1rem;line-height: inherit !important;text-align: start\"><strong><span style=\"color: inherit !important;line-height: inherit !important\"><span style=\"font-size: 9.0pt;font-family: 'Arial','sans-serif';color: #1c1c1c\">Foto do Equipamento:<\/span><\/span><\/strong><\/p>\n<p><img fetchpriority=\"high\" decoding=\"async\" class=\"alignnone size-medium wp-image-967\" src=\"https:\/\/www.ufsm.br\/app\/uploads\/sites\/775\/2021\/08\/20210825_163531-168x300.jpg\" alt=\"\" width=\"168\" height=\"300\" srcset=\"https:\/\/www.ufsm.br\/app\/uploads\/sites\/775\/2021\/08\/20210825_163531-168x300.jpg 168w, https:\/\/www.ufsm.br\/app\/uploads\/sites\/775\/2021\/08\/20210825_163531-573x1024.jpg 573w, https:\/\/www.ufsm.br\/app\/uploads\/sites\/775\/2021\/08\/20210825_163531-768x1372.jpg 768w, https:\/\/www.ufsm.br\/app\/uploads\/sites\/775\/2021\/08\/20210825_163531-860x1536.jpg 860w, https:\/\/www.ufsm.br\/app\/uploads\/sites\/775\/2021\/08\/20210825_163531-1146x2048.jpg 1146w, https:\/\/www.ufsm.br\/app\/uploads\/sites\/775\/2021\/08\/20210825_163531-scaled.jpg 1433w\" sizes=\"(max-width: 168px) 100vw, 168px\" \/><\/p>\n<p>\u00a0<\/p>\n","protected":false},"excerpt":{"rendered":"<p>Descri\u00e7\u00e3o do Equipamento: Balan\u00e7a eletr\u00f4nica anal\u00edtica, capac. 220g marca\u00a0SHIMAZU,\u00a0mod\u00a0AY220, precis\u00e3o de 0,1 mg N\u00famero Patrim\u00f4nio: 173174 Localiza\u00e7\u00e3o: Departamento de Fitotecnica- Pr\u00e9dio 77, Sala 54 Respons\u00e1vel pelo equipamento: Dilson Ant\u00f4nio Bisognin Contato para agendamento: Dilson Ant\u00f4nio Bisognin Fone para agendamento: 3220 8357-232 ou 991154161 E-mail para agendamento: dilson.bisognin@ufsm.br ou dbisognin@gmail.com\u00a0 Foto do Equipamento: \u00a0<\/p>\n","protected":false},"author":865,"featured_media":967,"comment_status":"closed","ping_status":"closed","sticky":false,"template":"","format":"standard","meta":{"footnotes":""},"categories":[19],"tags":[],"class_list":["post-966","post","type-post","status-publish","format-standard","has-post-thumbnail","hentry","category-pro-equipamentos-capes"],"acf":[],"_links":{"self":[{"href":"https:\/\/www.ufsm.br\/pro-reitorias\/prpgp\/multiusuario\/wp-json\/wp\/v2\/posts\/966","targetHints":{"allow":["GET"]}}],"collection":[{"href":"https:\/\/www.ufsm.br\/pro-reitorias\/prpgp\/multiusuario\/wp-json\/wp\/v2\/posts"}],"about":[{"href":"https:\/\/www.ufsm.br\/pro-reitorias\/prpgp\/multiusuario\/wp-json\/wp\/v2\/types\/post"}],"author":[{"embeddable":true,"href":"https:\/\/www.ufsm.br\/pro-reitorias\/prpgp\/multiusuario\/wp-json\/wp\/v2\/users\/865"}],"replies":[{"embeddable":true,"href":"https:\/\/www.ufsm.br\/pro-reitorias\/prpgp\/multiusuario\/wp-json\/wp\/v2\/comments?post=966"}],"version-history":[{"count":0,"href":"https:\/\/www.ufsm.br\/pro-reitorias\/prpgp\/multiusuario\/wp-json\/wp\/v2\/posts\/966\/revisions"}],"wp:featuredmedia":[{"embeddable":true,"href":"https:\/\/www.ufsm.br\/pro-reitorias\/prpgp\/multiusuario\/wp-json\/wp\/v2\/media\/967"}],"wp:attachment":[{"href":"https:\/\/www.ufsm.br\/pro-reitorias\/prpgp\/multiusuario\/wp-json\/wp\/v2\/media?parent=966"}],"wp:term":[{"taxonomy":"category","embeddable":true,"href":"https:\/\/www.ufsm.br\/pro-reitorias\/prpgp\/multiusuario\/wp-json\/wp\/v2\/categories?post=966"},{"taxonomy":"post_tag","embeddable":true,"href":"https:\/\/www.ufsm.br\/pro-reitorias\/prpgp\/multiusuario\/wp-json\/wp\/v2\/tags?post=966"}],"curies":[{"name":"wp","href":"https:\/\/api.w.org\/{rel}","templated":true}]}}