{"id":980,"date":"2021-10-26T14:58:05","date_gmt":"2021-10-26T17:58:05","guid":{"rendered":"https:\/\/www.ufsm.br\/pro-reitorias\/prpgp\/multiusuario\/?p=980"},"modified":"2021-11-30T10:33:50","modified_gmt":"2021-11-30T13:33:50","slug":"datalogger-registrador-multiparametro-faixa-de-temperatura-entre-0oc-e-500oc-resolucao-0-05oc-precisao-05-com-bateria-e-painel-solar","status":"publish","type":"post","link":"https:\/\/www.ufsm.br\/pro-reitorias\/prpgp\/multiusuario\/2021\/10\/26\/datalogger-registrador-multiparametro-faixa-de-temperatura-entre-0oc-e-500oc-resolucao-0-05oc-precisao-05-com-bateria-e-painel-solar","title":{"rendered":"Datalogger\/registrador, multipar\u00e2metro"},"content":{"rendered":"\n<p><strong>Descri\u00e7\u00e3o do Equipamento:\u00a0 <\/strong>Datalogger\/registrador, multipar\u00e2metro, faixa de temperatura entre 0\u00bac e 500\u00baC, resolu\u00e7\u00e3o 0.05\u00baC, precis\u00e3o +-0,5, com bateria e painel solar<\/p>\n<p><strong>N\u00famero Patrim\u00f4nio:<\/strong>\u00a0 184284 e 184285<\/p>\n<p><strong>Localiza\u00e7\u00e3o:\u00a0<\/strong>Laborat\u00f3rio de V\u00e1rzea, pr\u00e9dio 85\u00a0<\/p>\n<p><strong>Respons\u00e1vel pelo equipamento: <\/strong>Enio Marchesan<\/p>\n<p><strong>Contato para agendamento: <\/strong>Enio Marchesan<\/p>\n<p><strong>Fone para agendamento:<\/strong> (55) 99631 7281<\/p>\n<p><strong>E-mail para agendamento: <\/strong>eniomarchesan@gmail.com\u00a0<\/p>\n<p><strong>Foto do Equipamento:<\/strong><\/p>\n<p style=\"text-align: left\"><img fetchpriority=\"high\" decoding=\"async\" class=\"alignnone size-medium wp-image-981\" src=\"https:\/\/www.ufsm.br\/app\/uploads\/sites\/775\/2021\/10\/Datalogger-184285-300x185.jpg\" alt=\"\" width=\"300\" height=\"185\" srcset=\"https:\/\/www.ufsm.br\/app\/uploads\/sites\/775\/2021\/10\/Datalogger-184285-300x185.jpg 300w, https:\/\/www.ufsm.br\/app\/uploads\/sites\/775\/2021\/10\/Datalogger-184285.jpg 475w\" sizes=\"(max-width: 300px) 100vw, 300px\" \/> <img decoding=\"async\" class=\"alignnone size-medium wp-image-982\" src=\"https:\/\/www.ufsm.br\/app\/uploads\/sites\/775\/2021\/10\/Datalogger-184284-300x223.jpg\" alt=\"\" width=\"300\" height=\"223\" srcset=\"https:\/\/www.ufsm.br\/app\/uploads\/sites\/775\/2021\/10\/Datalogger-184284-300x223.jpg 300w, https:\/\/www.ufsm.br\/app\/uploads\/sites\/775\/2021\/10\/Datalogger-184284-768x571.jpg 768w, https:\/\/www.ufsm.br\/app\/uploads\/sites\/775\/2021\/10\/Datalogger-184284.jpg 797w\" sizes=\"(max-width: 300px) 100vw, 300px\" \/><\/p>\n","protected":false},"excerpt":{"rendered":"<p>Descri\u00e7\u00e3o do Equipamento:\u00a0 Datalogger\/registrador, multipar\u00e2metro, faixa de temperatura entre 0\u00bac e 500\u00baC, resolu\u00e7\u00e3o 0.05\u00baC, precis\u00e3o +-0,5, com bateria e painel solar N\u00famero Patrim\u00f4nio:\u00a0 184284 e 184285 Localiza\u00e7\u00e3o:\u00a0Laborat\u00f3rio de V\u00e1rzea, pr\u00e9dio 85\u00a0 Respons\u00e1vel pelo equipamento: Enio Marchesan Contato para agendamento: Enio Marchesan Fone para agendamento: (55) 99631 7281 E-mail para agendamento: eniomarchesan@gmail.com\u00a0 Foto do Equipamento:<\/p>\n","protected":false},"author":865,"featured_media":981,"comment_status":"closed","ping_status":"closed","sticky":false,"template":"","format":"standard","meta":{"footnotes":""},"categories":[19],"tags":[],"class_list":["post-980","post","type-post","status-publish","format-standard","has-post-thumbnail","hentry","category-pro-equipamentos-capes"],"acf":[],"_links":{"self":[{"href":"https:\/\/www.ufsm.br\/pro-reitorias\/prpgp\/multiusuario\/wp-json\/wp\/v2\/posts\/980","targetHints":{"allow":["GET"]}}],"collection":[{"href":"https:\/\/www.ufsm.br\/pro-reitorias\/prpgp\/multiusuario\/wp-json\/wp\/v2\/posts"}],"about":[{"href":"https:\/\/www.ufsm.br\/pro-reitorias\/prpgp\/multiusuario\/wp-json\/wp\/v2\/types\/post"}],"author":[{"embeddable":true,"href":"https:\/\/www.ufsm.br\/pro-reitorias\/prpgp\/multiusuario\/wp-json\/wp\/v2\/users\/865"}],"replies":[{"embeddable":true,"href":"https:\/\/www.ufsm.br\/pro-reitorias\/prpgp\/multiusuario\/wp-json\/wp\/v2\/comments?post=980"}],"version-history":[{"count":0,"href":"https:\/\/www.ufsm.br\/pro-reitorias\/prpgp\/multiusuario\/wp-json\/wp\/v2\/posts\/980\/revisions"}],"wp:featuredmedia":[{"embeddable":true,"href":"https:\/\/www.ufsm.br\/pro-reitorias\/prpgp\/multiusuario\/wp-json\/wp\/v2\/media\/981"}],"wp:attachment":[{"href":"https:\/\/www.ufsm.br\/pro-reitorias\/prpgp\/multiusuario\/wp-json\/wp\/v2\/media?parent=980"}],"wp:term":[{"taxonomy":"category","embeddable":true,"href":"https:\/\/www.ufsm.br\/pro-reitorias\/prpgp\/multiusuario\/wp-json\/wp\/v2\/categories?post=980"},{"taxonomy":"post_tag","embeddable":true,"href":"https:\/\/www.ufsm.br\/pro-reitorias\/prpgp\/multiusuario\/wp-json\/wp\/v2\/tags?post=980"}],"curies":[{"name":"wp","href":"https:\/\/api.w.org\/{rel}","templated":true}]}}