{"id":983,"date":"2021-11-23T08:00:37","date_gmt":"2021-11-23T11:00:37","guid":{"rendered":"https:\/\/www.ufsm.br\/pro-reitorias\/prpgp\/multiusuario\/?p=983"},"modified":"2021-12-17T12:04:30","modified_gmt":"2021-12-17T15:04:30","slug":"balanca-pesa-eixo-roda-mvd-40000-kg-x-10-kg-modelo-bpv-830-marca-toledo","status":"publish","type":"post","link":"https:\/\/www.ufsm.br\/pro-reitorias\/prpgp\/multiusuario\/2021\/11\/23\/balanca-pesa-eixo-roda-mvd-40000-kg-x-10-kg-modelo-bpv-830-marca-toledo","title":{"rendered":"Balan\u00e7a para pesar ve\u00edculos, modelo BPV-830, marca Toledo"},"content":{"rendered":"\n<p><strong>Descri\u00e7\u00e3o do Equipamento:<\/strong> Balan\u00e7a para pesar ve\u00edculos, modelo BPV-830, marca Toledo<\/p>\n<p><strong>N\u00famero Patrim\u00f4nio:<\/strong> 194609<\/p>\n<p><strong>Localiza\u00e7\u00e3o: <\/strong>N\u00facleo de Ensaios de M\u00e1quinas Agr\u00edcolas &#8211; NEMA<\/p>\n<p><strong>Respons\u00e1vel pelo equipamento:<\/strong> \u00a0Jos\u00e9 Fernando Schlosser<\/p>\n<p><strong>Contato para agendamento: <\/strong>Jos\u00e9 Fernando Schlosser<\/p>\n<p><strong>Fone para agendamento: \u00a0<\/strong>(55)\u00a03220-8850<\/p>\n<p><strong>E-mail para agendamento:<\/strong> josefernandoschlosser@gmail.com<\/p>\n<p><strong>Foto do Equipamento:\u00a0\u00a0<\/strong><\/p>\n<p><img fetchpriority=\"high\" decoding=\"async\" class=\"alignnone size-medium wp-image-984\" src=\"https:\/\/www.ufsm.br\/app\/uploads\/sites\/775\/2021\/11\/Balanca-para-veiculos_1-300x224.jpeg\" alt=\"\" width=\"300\" height=\"224\" srcset=\"https:\/\/www.ufsm.br\/app\/uploads\/sites\/775\/2021\/11\/Balanca-para-veiculos_1-300x224.jpeg 300w, https:\/\/www.ufsm.br\/app\/uploads\/sites\/775\/2021\/11\/Balanca-para-veiculos_1-1024x765.jpeg 1024w, https:\/\/www.ufsm.br\/app\/uploads\/sites\/775\/2021\/11\/Balanca-para-veiculos_1-768x574.jpeg 768w, https:\/\/www.ufsm.br\/app\/uploads\/sites\/775\/2021\/11\/Balanca-para-veiculos_1.jpeg 1304w\" sizes=\"(max-width: 300px) 100vw, 300px\" \/><\/p>\n","protected":false},"excerpt":{"rendered":"<p>Descri\u00e7\u00e3o do Equipamento: Balan\u00e7a para pesar ve\u00edculos, modelo BPV-830, marca Toledo N\u00famero Patrim\u00f4nio: 194609 Localiza\u00e7\u00e3o: N\u00facleo de Ensaios de M\u00e1quinas Agr\u00edcolas &#8211; NEMA Respons\u00e1vel pelo equipamento: \u00a0Jos\u00e9 Fernando Schlosser Contato para agendamento: Jos\u00e9 Fernando Schlosser Fone para agendamento: \u00a0(55)\u00a03220-8850 E-mail para agendamento: josefernandoschlosser@gmail.com Foto do Equipamento:\u00a0\u00a0<\/p>\n","protected":false},"author":865,"featured_media":984,"comment_status":"closed","ping_status":"closed","sticky":false,"template":"","format":"standard","meta":{"footnotes":""},"categories":[19],"tags":[],"class_list":["post-983","post","type-post","status-publish","format-standard","has-post-thumbnail","hentry","category-pro-equipamentos-capes"],"acf":[],"_links":{"self":[{"href":"https:\/\/www.ufsm.br\/pro-reitorias\/prpgp\/multiusuario\/wp-json\/wp\/v2\/posts\/983","targetHints":{"allow":["GET"]}}],"collection":[{"href":"https:\/\/www.ufsm.br\/pro-reitorias\/prpgp\/multiusuario\/wp-json\/wp\/v2\/posts"}],"about":[{"href":"https:\/\/www.ufsm.br\/pro-reitorias\/prpgp\/multiusuario\/wp-json\/wp\/v2\/types\/post"}],"author":[{"embeddable":true,"href":"https:\/\/www.ufsm.br\/pro-reitorias\/prpgp\/multiusuario\/wp-json\/wp\/v2\/users\/865"}],"replies":[{"embeddable":true,"href":"https:\/\/www.ufsm.br\/pro-reitorias\/prpgp\/multiusuario\/wp-json\/wp\/v2\/comments?post=983"}],"version-history":[{"count":0,"href":"https:\/\/www.ufsm.br\/pro-reitorias\/prpgp\/multiusuario\/wp-json\/wp\/v2\/posts\/983\/revisions"}],"wp:featuredmedia":[{"embeddable":true,"href":"https:\/\/www.ufsm.br\/pro-reitorias\/prpgp\/multiusuario\/wp-json\/wp\/v2\/media\/984"}],"wp:attachment":[{"href":"https:\/\/www.ufsm.br\/pro-reitorias\/prpgp\/multiusuario\/wp-json\/wp\/v2\/media?parent=983"}],"wp:term":[{"taxonomy":"category","embeddable":true,"href":"https:\/\/www.ufsm.br\/pro-reitorias\/prpgp\/multiusuario\/wp-json\/wp\/v2\/categories?post=983"},{"taxonomy":"post_tag","embeddable":true,"href":"https:\/\/www.ufsm.br\/pro-reitorias\/prpgp\/multiusuario\/wp-json\/wp\/v2\/tags?post=983"}],"curies":[{"name":"wp","href":"https:\/\/api.w.org\/{rel}","templated":true}]}}